{"id":32321,"date":"2024-12-16T09:21:00","date_gmt":"2024-12-16T15:21:00","guid":{"rendered":"https:\/\/gerardoduque.com.mx\/?p=32321"},"modified":"2024-12-16T09:21:04","modified_gmt":"2024-12-16T15:21:04","slug":"detienen-a-presunto-implicado-en-el-asesinato-del-alcalde-de-tancanhuitz","status":"publish","type":"post","link":"https:\/\/gerardoduque.com.mx\/?p=32321","title":{"rendered":"DETIENEN A PRESUNTO IMPLICADO EN EL ASESINATO DEL ALCALDE DE TANCANHUITZ"},"content":{"rendered":"\n<p>La ma\u00f1ana de este lunes, a trav\u00e9s de una tarjeta informativa, fuentes al interior del Gobierno del Estado de San Luis Potos\u00ed revelan que, autoridades de la Secretar\u00eda de Seguridad y Protecci\u00f3n Ciudadana (SSPC) y de la Fiscal\u00eda General del Estado (FGE) lograron la detenci\u00f3n de Manuel \u201cN\u201d, presunto participante en ataque armado en el que murieron el alcalde de Tancanhuitz, Jes\u00fas Eduardo Franco, y varios de sus colaboradores.<\/p>\n\n\n\n<p>Manuel N. fue capturado durante la madrugada y se encuentra detenido a disposici\u00f3n de la FGE para que se realicen las investigaciones pertinentes y se deslinden responsabilidades.<\/p>\n\n\n\n<p>Asimismo, se informa que otro de los principales sospechosos del asesinato es un regidor en funciones del mismo ayuntamiento de Tancanhuitz, quien est\u00e1 pr\u00f3fugo, pero es buscado por las fuerzas de seguridad.<\/p>\n\n\n\n<p>La zona contin\u00faa bajo un fuerte operativo de seguridad, y las autoridades estatales han adelantado que podr\u00eda haber m\u00e1s detenciones en las pr\u00f3ximas horas como parte de la investigaci\u00f3n en curso.<\/p>\n\n\n\n<p><strong>CRIMEN M\u00daLTIPLE<\/strong><\/p>\n\n\n\n<p>Jes\u00fas Eduardo Franco L\u00e1rraga y tres personas que lo acompa\u00f1aban a bordo de un veh\u00edculo compacto color rojo fueron acribillados minutos antes de las 19:30 horas de este domingo. Los otros tres occisos ser\u00edan dos escoltas de seguridad y el secretario particular del alcalde asesinado.<\/p>\n\n\n\n<p>El ataque ocurri\u00f3 sobre la carretera nacional M\u00e9xico &#8211; Laredo, en el ejido Palmira Nuevo, perteneciente a Tancanhuitz. <\/p>\n\n\n\n<p>Jes\u00fas Eduardo Franco L\u00e1rraga ten\u00eda 27 a\u00f1os de edad y tom\u00f3 protesta como presidente municipal el pasado 1o. de octubre, luego de ganar las elecciones abanderado por el partido MORENA.<\/p>\n\n\n\n<p>Tras reportarse el ataque en su contra se movilizaron decenas de agentes de la Guardia Civil Estatal, elementos de la SEDENA, oficiales de la Guardia Nacional, polic\u00edas municipales de Tancanhuitz y Aquism\u00f3n, as\u00ed como agentes de la Polic\u00eda de Investigaci\u00f3n de la FGE.<\/p>\n\n\n\n<p>Para realizar los peritajes y hacer el levantamiento de los cuerpos fue cerrada la circulaci\u00f3n sobre la carretera federal en ambos sentidos, y as\u00ed ha permanecido hasta pasada la medianoche.<\/p>\n","protected":false},"excerpt":{"rendered":"<p>Se trata de un ex presidente municipal y ex diputado <\/p>\n","protected":false},"author":4,"featured_media":32322,"comment_status":"closed","ping_status":"closed","sticky":false,"template":"","format":"standard","meta":{"_et_pb_use_builder":"off","_et_pb_old_content":"","_et_gb_content_width":"","footnotes":""},"categories":[412,62],"tags":[],"class_list":["post-32321","post","type-post","status-publish","format-standard","has-post-thumbnail","hentry","category-destacado","category-redaccion"],"_links":{"self":[{"href":"https:\/\/gerardoduque.com.mx\/index.php?rest_route=\/wp\/v2\/posts\/32321","targetHints":{"allow":["GET"]}}],"collection":[{"href":"https:\/\/gerardoduque.com.mx\/index.php?rest_route=\/wp\/v2\/posts"}],"about":[{"href":"https:\/\/gerardoduque.com.mx\/index.php?rest_route=\/wp\/v2\/types\/post"}],"author":[{"embeddable":true,"href":"https:\/\/gerardoduque.com.mx\/index.php?rest_route=\/wp\/v2\/users\/4"}],"replies":[{"embeddable":true,"href":"https:\/\/gerardoduque.com.mx\/index.php?rest_route=%2Fwp%2Fv2%2Fcomments&post=32321"}],"version-history":[{"count":0,"href":"https:\/\/gerardoduque.com.mx\/index.php?rest_route=\/wp\/v2\/posts\/32321\/revisions"}],"wp:featuredmedia":[{"embeddable":true,"href":"https:\/\/gerardoduque.com.mx\/index.php?rest_route=\/wp\/v2\/media\/32322"}],"wp:attachment":[{"href":"https:\/\/gerardoduque.com.mx\/index.php?rest_route=%2Fwp%2Fv2%2Fmedia&parent=32321"}],"wp:term":[{"taxonomy":"category","embeddable":true,"href":"https:\/\/gerardoduque.com.mx\/index.php?rest_route=%2Fwp%2Fv2%2Fcategories&post=32321"},{"taxonomy":"post_tag","embeddable":true,"href":"https:\/\/gerardoduque.com.mx\/index.php?rest_route=%2Fwp%2Fv2%2Ftags&post=32321"}],"curies":[{"name":"wp","href":"https:\/\/api.w.org\/{rel}","templated":true}]}}