{"id":32303,"date":"2024-12-16T02:44:02","date_gmt":"2024-12-16T08:44:02","guid":{"rendered":"https:\/\/gerardoduque.com.mx\/?p=32303"},"modified":"2024-12-16T02:44:06","modified_gmt":"2024-12-16T08:44:06","slug":"acribillan-al-alcalde-de-tancanhuitz-y-a-tres-de-sus-colaboradores","status":"publish","type":"post","link":"https:\/\/gerardoduque.com.mx\/?p=32303","title":{"rendered":"ACRIBILLAN AL ALCALDE DE TANCANHUITZ Y A TRES DE SUS COLABORADORES"},"content":{"rendered":"\n<p>Jes\u00fas Eduardo Franco L\u00e1rraga y tres personas que lo acompa\u00f1aban a bordo de un veh\u00edculo compacto color rojo fueron acribillados minutos antes de las 19:30 horas de este domingo<\/p>\n\n\n\n<p>El ataque ocurri\u00f3 sobre la carretera nacional M\u00e9xico &#8211; Laredo, en el ejido Palmira Nuevo, perteneciente a Tancanhuitz.<\/p>\n\n\n\n<p>Jes\u00fas Eduardo Franco L\u00e1rraga ten\u00eda 27 a\u00f1os de edad y tom\u00f3 protesta como presidente municipal el pasado 1o. de octubre, luego de ganar las elecciones abanderado por el partido MORENA.<\/p>\n\n\n\n<p>Esta noche de domingo, tras reportarse el ataque en su contra se movilizaron decenas de agentes de la Guardia Civil Estatal, elementos de la SEDENA, oficiales de la Guardia Nacional, polic\u00edas municipales de Tancanhuitz y Aquism\u00f3n, as\u00ed como agentes de la Polic\u00eda de Investigaci\u00f3n de la FGE. Sin embargo, no se ha reportado la detenci\u00f3n de los involucrados en el crimen m\u00faltiple.<\/p>\n\n\n\n<p>Aunque oficialmente no se ha revelado la identidad de los otros tres occisos, ha trascendido que se trata de dos escoltas de seguridad y el secretario particular del alcalde asesinado.<\/p>\n\n\n\n<p>Para realizar los peritajes y hacer el levantamiento de los cuerpos fue cerrada la circulaci\u00f3n sobre la carretera federal en ambos sentidos, y as\u00ed permaneci\u00f3 hasta pasada la medianoche.<\/p>\n\n\n\n<p>Hasta el momento la Fiscal\u00eda General del Estado no ha revelado cu\u00e1les son las l\u00edneas de investigaci\u00f3n.<\/p>\n","protected":false},"excerpt":{"rendered":"<p>Jes\u00fas Eduardo Franco L\u00e1rraga y tres personas que lo acompa\u00f1aban a bordo de un veh\u00edculo compacto color rojo fueron acribillados minutos antes de las 19:30 horas de este domingo El ataque ocurri\u00f3 sobre la carretera nacional M\u00e9xico &#8211; Laredo, en el ejido Palmira Nuevo, perteneciente a Tancanhuitz. Jes\u00fas Eduardo Franco L\u00e1rraga ten\u00eda 27 a\u00f1os de [&hellip;]<\/p>\n","protected":false},"author":4,"featured_media":32304,"comment_status":"closed","ping_status":"closed","sticky":false,"template":"","format":"standard","meta":{"_et_pb_use_builder":"off","_et_pb_old_content":"","_et_gb_content_width":"","footnotes":""},"categories":[412,62],"tags":[],"class_list":["post-32303","post","type-post","status-publish","format-standard","has-post-thumbnail","hentry","category-destacado","category-redaccion"],"_links":{"self":[{"href":"https:\/\/gerardoduque.com.mx\/index.php?rest_route=\/wp\/v2\/posts\/32303","targetHints":{"allow":["GET"]}}],"collection":[{"href":"https:\/\/gerardoduque.com.mx\/index.php?rest_route=\/wp\/v2\/posts"}],"about":[{"href":"https:\/\/gerardoduque.com.mx\/index.php?rest_route=\/wp\/v2\/types\/post"}],"author":[{"embeddable":true,"href":"https:\/\/gerardoduque.com.mx\/index.php?rest_route=\/wp\/v2\/users\/4"}],"replies":[{"embeddable":true,"href":"https:\/\/gerardoduque.com.mx\/index.php?rest_route=%2Fwp%2Fv2%2Fcomments&post=32303"}],"version-history":[{"count":0,"href":"https:\/\/gerardoduque.com.mx\/index.php?rest_route=\/wp\/v2\/posts\/32303\/revisions"}],"wp:featuredmedia":[{"embeddable":true,"href":"https:\/\/gerardoduque.com.mx\/index.php?rest_route=\/wp\/v2\/media\/32304"}],"wp:attachment":[{"href":"https:\/\/gerardoduque.com.mx\/index.php?rest_route=%2Fwp%2Fv2%2Fmedia&parent=32303"}],"wp:term":[{"taxonomy":"category","embeddable":true,"href":"https:\/\/gerardoduque.com.mx\/index.php?rest_route=%2Fwp%2Fv2%2Fcategories&post=32303"},{"taxonomy":"post_tag","embeddable":true,"href":"https:\/\/gerardoduque.com.mx\/index.php?rest_route=%2Fwp%2Fv2%2Ftags&post=32303"}],"curies":[{"name":"wp","href":"https:\/\/api.w.org\/{rel}","templated":true}]}}