{"id":32299,"date":"2024-12-15T13:50:22","date_gmt":"2024-12-15T19:50:22","guid":{"rendered":"https:\/\/gerardoduque.com.mx\/?p=32299"},"modified":"2024-12-15T13:50:25","modified_gmt":"2024-12-15T19:50:25","slug":"hallaron-tanques-y-restos-calcinados-al-norte-de-valles","status":"publish","type":"post","link":"https:\/\/gerardoduque.com.mx\/?p=32299","title":{"rendered":"HALLARON TANQUES Y RESTOS CALCINADOS AL NORTE DE VALLES"},"content":{"rendered":"\n<p>Un nuevo descubrimiento de restos \u00f3seos ha encendido las alarmas en el municipio, en un predio que se localiza en el ejido Laguna del Mante, en la salida que conduce hacia Ciudad Mante.<\/p>\n\n\n\n<p>Se presume que el sitio del hallazgo era utilizado por integrantes de la delincuencia organizada para \u201cexterminar\u201d personas.<\/p>\n\n\n\n<p>El descubrimiento fue hecho este fin de semana por miembros de colectivos de b\u00fasqueda, en colaboraci\u00f3n con autoridades estatales.<\/p>\n\n\n\n<p>En el lugar fueron encontrados huesos calcinados y tambos met\u00e1licos con fragmentos \u00f3seos, en un paraje conocido como Los Mangales, entre la presa La Lajilla y el ejido Cerro Alto.&nbsp;<\/p>\n\n\n\n<p>De acuerdo con Edith P\u00e9rez Rodr\u00edguez, representante del colectivo \u201cVoz y Dignidad por los Nuestros\u201d, la evidencia apunta a que este lugar podr\u00eda haber sido utilizado para la desaparici\u00f3n masiva de personas, repitiendo un patr\u00f3n similar al encontrado en el ejido Las Pitas el a\u00f1o pasado, donde se han ubicado tres campos de exterminio.&nbsp;<\/p>\n\n\n\n<p>Guadalupe Mendiola Acosta, regidora e integrante del colectivo, se\u00f1al\u00f3 que los trabajos de b\u00fasqueda se ampliar\u00e1n en las pr\u00f3ximas semanas, ya que se sospecha que podr\u00edan encontrarse m\u00e1s restos en las inmediaciones.<\/p>\n\n\n\n<p>La Fiscal\u00eda General del Estado ya investiga el caso y coordina las acciones necesarias para identificar a las posibles v\u00edctimas.<\/p>\n","protected":false},"excerpt":{"rendered":"<p>Se presume que es un campo de exterminio <\/p>\n","protected":false},"author":4,"featured_media":32300,"comment_status":"closed","ping_status":"closed","sticky":false,"template":"","format":"standard","meta":{"_et_pb_use_builder":"off","_et_pb_old_content":"","_et_gb_content_width":"","footnotes":""},"categories":[412,62],"tags":[],"class_list":["post-32299","post","type-post","status-publish","format-standard","has-post-thumbnail","hentry","category-destacado","category-redaccion"],"_links":{"self":[{"href":"https:\/\/gerardoduque.com.mx\/index.php?rest_route=\/wp\/v2\/posts\/32299","targetHints":{"allow":["GET"]}}],"collection":[{"href":"https:\/\/gerardoduque.com.mx\/index.php?rest_route=\/wp\/v2\/posts"}],"about":[{"href":"https:\/\/gerardoduque.com.mx\/index.php?rest_route=\/wp\/v2\/types\/post"}],"author":[{"embeddable":true,"href":"https:\/\/gerardoduque.com.mx\/index.php?rest_route=\/wp\/v2\/users\/4"}],"replies":[{"embeddable":true,"href":"https:\/\/gerardoduque.com.mx\/index.php?rest_route=%2Fwp%2Fv2%2Fcomments&post=32299"}],"version-history":[{"count":0,"href":"https:\/\/gerardoduque.com.mx\/index.php?rest_route=\/wp\/v2\/posts\/32299\/revisions"}],"wp:featuredmedia":[{"embeddable":true,"href":"https:\/\/gerardoduque.com.mx\/index.php?rest_route=\/wp\/v2\/media\/32300"}],"wp:attachment":[{"href":"https:\/\/gerardoduque.com.mx\/index.php?rest_route=%2Fwp%2Fv2%2Fmedia&parent=32299"}],"wp:term":[{"taxonomy":"category","embeddable":true,"href":"https:\/\/gerardoduque.com.mx\/index.php?rest_route=%2Fwp%2Fv2%2Fcategories&post=32299"},{"taxonomy":"post_tag","embeddable":true,"href":"https:\/\/gerardoduque.com.mx\/index.php?rest_route=%2Fwp%2Fv2%2Ftags&post=32299"}],"curies":[{"name":"wp","href":"https:\/\/api.w.org\/{rel}","templated":true}]}}