{"id":32129,"date":"2024-12-08T10:40:05","date_gmt":"2024-12-08T16:40:05","guid":{"rendered":"https:\/\/gerardoduque.com.mx\/?p=32129"},"modified":"2024-12-08T10:40:07","modified_gmt":"2024-12-08T16:40:07","slug":"detienen-a-presunto-feminicida-en-ciudad-valles","status":"publish","type":"post","link":"https:\/\/gerardoduque.com.mx\/?p=32129","title":{"rendered":"DETIENEN A PRESUNTO FEMINICIDA EN CIUDAD VALLES"},"content":{"rendered":"\n<p>Rub\u00e9n \u201cN\u201d fue aprehendido en horas recientes por su probable participaci\u00f3n en el delito de feminicidio, inform\u00f3 la Fiscal\u00eda General del Estado a trav\u00e9s de un bolet\u00edn enviado a medios.<\/p>\n\n\n\n<p>El individuo es investigado tras el hallazgo del cuerpo de una joven mujer que fue encontrado al mediod\u00eda del mi\u00e9rcoles en un predio rural en la colonia Mano Amiga, en la zona norte de Ciudad Valles<\/p>\n\n\n\n<p>La v\u00edctima fue identificada como Luz Elena, quien contaba con 21 a\u00f1os de edad.<\/p>\n\n\n\n<p>La Fiscal\u00eda Especializada en Feminicidios en conjunto con el personal operativo adscrito realiz\u00f3 las indagatorias correspondientes y estableci\u00f3 la identidad del probable part\u00edcipe en el crimen.<\/p>\n\n\n\n<p>Derivado de ello se integr\u00f3 la carpeta de investigaci\u00f3n correspondiente para que un Juez de control emitiera la orden de aprehensi\u00f3n, a petici\u00f3n de una Agente del Ministerio P\u00fablico.<\/p>\n\n\n\n<p>Una vez concedido el mandato judicial, agentes de la Polic\u00eda de Investigaci\u00f3n (PDI) llevaron a cabo la detenci\u00f3n de Rub\u00e9n \u201cN\u201d, en la colonia M\u00e1rquez, en Ciudad Valles.<\/p>\n\n\n\n<p>Posterior a su aprehensi\u00f3n, el individuo fue trasladado a las instalaciones de la FGESLP para realizar el dictamen de integridad f\u00edsica correspondiente.<\/p>\n\n\n\n<p>Rub\u00e9n \u201cN\u201d qued\u00f3 interno en el centro penitenciario de Ciudad Valles, en espera de la audiencia inicial, en la cual las litigadoras de la Fiscal\u00eda Especializada en Feminicidios buscar\u00e1n obtener su vinculaci\u00f3n a proceso.<\/p>\n\n\n\n<p><strong>ANTECEDENTES<\/strong><\/p>\n\n\n\n<p>El pasado domingo, en el municipio de San Mart\u00edn Chalchicuautla fue encontrado el cuerpo de Luz Clarita de 14 a\u00f1os de edad; la menor fue estrangulada.<\/p>\n\n\n\n<p>Luz Clarita era estudiante de secundaria y fue vista por \u00faltima vez con vida el 21 de noviembre.<\/p>\n\n\n\n<p>Luego de su desaparici\u00f3n se emiti\u00f3 una ficha de Alerta Amber, pero su cuerpo fue hallado diez d\u00edas despu\u00e9s en el ejido Pemuche Nuevo.<\/p>\n\n\n\n<p>La FGE no ha informado sobre detenci\u00f3n alguna, derivado del asesinato de Luz Clarita.<\/p>\n","protected":false},"excerpt":{"rendered":"<p>Habr\u00eda asesinado a Luz Elena de 21 a\u00f1os de edad <\/p>\n","protected":false},"author":4,"featured_media":32130,"comment_status":"closed","ping_status":"closed","sticky":false,"template":"","format":"standard","meta":{"_et_pb_use_builder":"off","_et_pb_old_content":"","_et_gb_content_width":"","footnotes":""},"categories":[412,62],"tags":[],"class_list":["post-32129","post","type-post","status-publish","format-standard","has-post-thumbnail","hentry","category-destacado","category-redaccion"],"_links":{"self":[{"href":"https:\/\/gerardoduque.com.mx\/index.php?rest_route=\/wp\/v2\/posts\/32129","targetHints":{"allow":["GET"]}}],"collection":[{"href":"https:\/\/gerardoduque.com.mx\/index.php?rest_route=\/wp\/v2\/posts"}],"about":[{"href":"https:\/\/gerardoduque.com.mx\/index.php?rest_route=\/wp\/v2\/types\/post"}],"author":[{"embeddable":true,"href":"https:\/\/gerardoduque.com.mx\/index.php?rest_route=\/wp\/v2\/users\/4"}],"replies":[{"embeddable":true,"href":"https:\/\/gerardoduque.com.mx\/index.php?rest_route=%2Fwp%2Fv2%2Fcomments&post=32129"}],"version-history":[{"count":0,"href":"https:\/\/gerardoduque.com.mx\/index.php?rest_route=\/wp\/v2\/posts\/32129\/revisions"}],"wp:featuredmedia":[{"embeddable":true,"href":"https:\/\/gerardoduque.com.mx\/index.php?rest_route=\/wp\/v2\/media\/32130"}],"wp:attachment":[{"href":"https:\/\/gerardoduque.com.mx\/index.php?rest_route=%2Fwp%2Fv2%2Fmedia&parent=32129"}],"wp:term":[{"taxonomy":"category","embeddable":true,"href":"https:\/\/gerardoduque.com.mx\/index.php?rest_route=%2Fwp%2Fv2%2Fcategories&post=32129"},{"taxonomy":"post_tag","embeddable":true,"href":"https:\/\/gerardoduque.com.mx\/index.php?rest_route=%2Fwp%2Fv2%2Ftags&post=32129"}],"curies":[{"name":"wp","href":"https:\/\/api.w.org\/{rel}","templated":true}]}}