{"id":32073,"date":"2024-12-05T22:36:11","date_gmt":"2024-12-06T04:36:11","guid":{"rendered":"https:\/\/gerardoduque.com.mx\/?p=32073"},"modified":"2024-12-05T22:36:15","modified_gmt":"2024-12-06T04:36:15","slug":"restos-humanos-se-encontraron-en-fosa-y-en-superficie-en-la-finca-de-guadalcazar","status":"publish","type":"post","link":"https:\/\/gerardoduque.com.mx\/?p=32073","title":{"rendered":"RESTOS HUMANOS SE ENCONTRARON \u00abEN FOSA Y EN SUPERFICIE\u00bb, EN LA FINCA DE GUADALC\u00c1ZAR"},"content":{"rendered":"\n<p>En la localidad de Pozo de Acu\u00f1a -municipio de Guadalc\u00e1zar-, alrededor de las siete de la tarde de este jueves concluy\u00f3 una jornada de levantamiento y procesamiento de indicios dentro de una finca donde hay instalaciones con caracter\u00edsticas de una \u201ccasa de seguridad\u201d, revel\u00f3 en entrevista el titular de la Comisi\u00f3n Estatal de B\u00fasqueda de Personas de San Luis Potos\u00ed.<\/p>\n\n\n\n<p>El maestro Leobardo Aguilar Orihuela dijo que, \u201cse encontr\u00f3 restos biol\u00f3gicos, restos \u00f3seos, restos humanos, pero adem\u00e1s encontramos otro tipo de indicios, credenciales, anillos\u2026 los restos se encuentran en fosa y algunos est\u00e1n en superficie.\u201d<\/p>\n\n\n\n<p>De acuerdo al titular de la CEBP, la identificaci\u00f3n del sitio se realiz\u00f3 cuatro d\u00edas atr\u00e1s. Ese d\u00eda \u201c\u00edbamos en acompa\u00f1amiento con las fuerzas de seguridad, y ellos advirtieron alguna situaci\u00f3n de ponchallantas sobre el camino\u2026 intentan desalentar o impedir que lleguemos a determinada zona, y dimos con este predio.\u201d<\/p>\n\n\n\n<p>Sin embargo, fue hasta hoy cuando las autoridades pudieron ingresar gracias a una orden de cateo obtenida. Se constituyeron elementos de la FGE, as\u00ed como antrop\u00f3logos y arque\u00f3logos de la Comisi\u00f3n Estatal de B\u00fasqueda de Personas, y colectivos de buscadores de desaparecidos.<\/p>\n\n\n\n<p>Por su parte, la Fiscal\u00eda General del Estado neg\u00f3 la posibilidad de brindar informaci\u00f3n institucional por ahora.<\/p>\n\n\n\n<p>En d\u00edas previos (el 24 de noviembre) una pareja de adultos mayores fue presuntamente privada de la libertad en la colonia Agr\u00edcola San Jos\u00e9, en el mismo municipio de Guadalc\u00e1zar. Luego de su desaparici\u00f3n las autoridades emitieron una ficha para intentar localizar a los dos ancianos de 85 y 93 a\u00f1os de edad.<\/p>\n","protected":false},"excerpt":{"rendered":"<p>Adem\u00e1s se encontraron credenciales y anillos <\/p>\n","protected":false},"author":4,"featured_media":32074,"comment_status":"closed","ping_status":"closed","sticky":false,"template":"","format":"standard","meta":{"_et_pb_use_builder":"off","_et_pb_old_content":"","_et_gb_content_width":"","footnotes":""},"categories":[412,62],"tags":[],"class_list":["post-32073","post","type-post","status-publish","format-standard","has-post-thumbnail","hentry","category-destacado","category-redaccion"],"_links":{"self":[{"href":"https:\/\/gerardoduque.com.mx\/index.php?rest_route=\/wp\/v2\/posts\/32073","targetHints":{"allow":["GET"]}}],"collection":[{"href":"https:\/\/gerardoduque.com.mx\/index.php?rest_route=\/wp\/v2\/posts"}],"about":[{"href":"https:\/\/gerardoduque.com.mx\/index.php?rest_route=\/wp\/v2\/types\/post"}],"author":[{"embeddable":true,"href":"https:\/\/gerardoduque.com.mx\/index.php?rest_route=\/wp\/v2\/users\/4"}],"replies":[{"embeddable":true,"href":"https:\/\/gerardoduque.com.mx\/index.php?rest_route=%2Fwp%2Fv2%2Fcomments&post=32073"}],"version-history":[{"count":0,"href":"https:\/\/gerardoduque.com.mx\/index.php?rest_route=\/wp\/v2\/posts\/32073\/revisions"}],"wp:featuredmedia":[{"embeddable":true,"href":"https:\/\/gerardoduque.com.mx\/index.php?rest_route=\/wp\/v2\/media\/32074"}],"wp:attachment":[{"href":"https:\/\/gerardoduque.com.mx\/index.php?rest_route=%2Fwp%2Fv2%2Fmedia&parent=32073"}],"wp:term":[{"taxonomy":"category","embeddable":true,"href":"https:\/\/gerardoduque.com.mx\/index.php?rest_route=%2Fwp%2Fv2%2Fcategories&post=32073"},{"taxonomy":"post_tag","embeddable":true,"href":"https:\/\/gerardoduque.com.mx\/index.php?rest_route=%2Fwp%2Fv2%2Ftags&post=32073"}],"curies":[{"name":"wp","href":"https:\/\/api.w.org\/{rel}","templated":true}]}}