{"id":32061,"date":"2024-12-06T04:47:00","date_gmt":"2024-12-06T10:47:00","guid":{"rendered":"https:\/\/gerardoduque.com.mx\/?p=32061"},"modified":"2024-12-05T21:49:21","modified_gmt":"2024-12-06T03:49:21","slug":"anuncian-horario-de-invierno-en-escuelas-de-educacion-basica","status":"publish","type":"post","link":"https:\/\/gerardoduque.com.mx\/?p=32061","title":{"rendered":"ANUNCIAN HORARIO DE INVIERNO EN ESCUELAS DE EDUCACI\u00d3N B\u00c1SICA"},"content":{"rendered":"\n<p>En apoyo a las y los estudiantes de educaci\u00f3n b\u00e1sica de escuelas p\u00fablicas y privadas, la Secretar\u00eda de Educaci\u00f3n de Gobierno del Estado exhorta a la comunidad educativa a reforzar las medidas de prevenci\u00f3n durante la temporada invernal hasta el 21 de marzo del 2025, de acuerdo con el pron\u00f3stico de frentes fr\u00edos de la Coordinaci\u00f3n Estatal de Protecci\u00f3n Civil.<\/p>\n\n\n\n<p>En seguimiento al trabajo en materia de prevenci\u00f3n y atenci\u00f3n en salud, las medidas aplicadas durante la temporada invernal consisten en recorrer la entrada media hora m\u00e1s tarde para turnos matutinos y la salida media hora m\u00e1s temprano para turnos vespertinos, as\u00ed como permitir a los estudiantes llevar ropa abrigadora que no sea del uniforme.<\/p>\n\n\n\n<p>Destac\u00f3 que estas medidas, son parte de las acciones para garantizar la salud de ni\u00f1as, ni\u00f1os y j\u00f3venes, por lo que pidi\u00f3 a las madres y padres de familia, a aplicar el filtro sanitario desde casa y ante cualquier s\u00edntoma de enfermedad respiratoria acudir a los centros de salud, evitando automedicarse.<\/p>\n\n\n\n<p>Se reiter\u00f3 la importancia de cuidar la salud de los integrantes de la comunidad educativa con el acceso a la educaci\u00f3n, y puntualiz\u00f3 que el uso de cubrebocas no es obligatorio; sin embargo, es una medida de prevenci\u00f3n adicional, que funciona para evitar contagios de enfermedades respiratorias por lo que su uso puede ser opcional sobre todo al regreso del periodo vacacional de invierno.<\/p>\n","protected":false},"excerpt":{"rendered":"<p>Se llam\u00f3 a las instituciones a acatar las medidas de prevenci\u00f3n en apoyo a la salud de la comunidad educativa.<\/p>\n","protected":false},"author":4,"featured_media":32062,"comment_status":"closed","ping_status":"closed","sticky":false,"template":"","format":"standard","meta":{"_et_pb_use_builder":"off","_et_pb_old_content":"","_et_gb_content_width":"","footnotes":""},"categories":[412,280],"tags":[72,66,196],"class_list":["post-32061","post","type-post","status-publish","format-standard","has-post-thumbnail","hentry","category-destacado","category-gob-slp","tag-gobierno-del-estado","tag-san-luis-potosi","tag-sege"],"_links":{"self":[{"href":"https:\/\/gerardoduque.com.mx\/index.php?rest_route=\/wp\/v2\/posts\/32061","targetHints":{"allow":["GET"]}}],"collection":[{"href":"https:\/\/gerardoduque.com.mx\/index.php?rest_route=\/wp\/v2\/posts"}],"about":[{"href":"https:\/\/gerardoduque.com.mx\/index.php?rest_route=\/wp\/v2\/types\/post"}],"author":[{"embeddable":true,"href":"https:\/\/gerardoduque.com.mx\/index.php?rest_route=\/wp\/v2\/users\/4"}],"replies":[{"embeddable":true,"href":"https:\/\/gerardoduque.com.mx\/index.php?rest_route=%2Fwp%2Fv2%2Fcomments&post=32061"}],"version-history":[{"count":0,"href":"https:\/\/gerardoduque.com.mx\/index.php?rest_route=\/wp\/v2\/posts\/32061\/revisions"}],"wp:featuredmedia":[{"embeddable":true,"href":"https:\/\/gerardoduque.com.mx\/index.php?rest_route=\/wp\/v2\/media\/32062"}],"wp:attachment":[{"href":"https:\/\/gerardoduque.com.mx\/index.php?rest_route=%2Fwp%2Fv2%2Fmedia&parent=32061"}],"wp:term":[{"taxonomy":"category","embeddable":true,"href":"https:\/\/gerardoduque.com.mx\/index.php?rest_route=%2Fwp%2Fv2%2Fcategories&post=32061"},{"taxonomy":"post_tag","embeddable":true,"href":"https:\/\/gerardoduque.com.mx\/index.php?rest_route=%2Fwp%2Fv2%2Ftags&post=32061"}],"curies":[{"name":"wp","href":"https:\/\/api.w.org\/{rel}","templated":true}]}}