{"id":32051,"date":"2024-12-05T13:18:15","date_gmt":"2024-12-05T19:18:15","guid":{"rendered":"https:\/\/gerardoduque.com.mx\/?p=32051"},"modified":"2024-12-05T13:18:19","modified_gmt":"2024-12-05T19:18:19","slug":"buscaban-a-ancianos-desaparecidos-y-hallaron-campamento-con-fosa-clandestina","status":"publish","type":"post","link":"https:\/\/gerardoduque.com.mx\/?p=32051","title":{"rendered":"BUSCABAN A ANCIANOS DESAPARECIDOS Y HALLARON CAMPAMENTO CON FOSA CLANDESTINA"},"content":{"rendered":"\n<p>Este jueves se hizo p\u00fablica la localizaci\u00f3n de un campamento donde operaban presuntos integrantes de la delincuencia organizada<\/p>\n\n\n\n<p>El sitio est\u00e1 localizado en la localidad Pozo de Acu\u00f1a, en el \u00e1rea rural de Guadalc\u00e1zar, en la zona Altiplano de la entidad.<\/p>\n\n\n\n<p>El hallazgo fue hecho desde el d\u00eda de ayer. El hallazgo lo realiz\u00f3 una brigada de b\u00fasqueda de personas desaparecidas, quienes fueron amedrentados por sujetos que lanzaron ponchallantas para luego huir del sitio.<\/p>\n\n\n\n<p>Fue hasta hoy jueves cuando acudieron elementos de seguridad de los tres \u00f3rdenes de gobierno para peinar la zona.<\/p>\n\n\n\n<p>De acuerdo a datos preliminares, en el \u00e1rea del narco campamento se tiene identificada al menos una fosa con un n\u00famero indeterminado de restos humanos.<\/p>\n\n\n\n<p>Se prev\u00e9 que en las pr\u00f3ximas horas se obtenga una orden de cateo para realizar una inspecci\u00f3n exhaustiva en el lugar. Con las diligencias y peritajes se espera poder confirmar el n\u00famero exacto de cuerpos y obtener sus identidades<\/p>\n\n\n\n<p>La Fiscal\u00eda General del Estado y las corporaciones de seguridad no han emitido un comunicado oficial al respecto.<\/p>\n\n\n\n<p>En d\u00edas previos (el 24 de noviembre) una pareja de adultos mayores fue presuntamente privada de la libertad en la colonia Agr\u00edcola San Jos\u00e9, en el mismo municipio de Guadalc\u00e1zar. Luego de su desaparici\u00f3n las autoridades emitieron una ficha para intentar localizar a los dos ancianos de 85 y 93 a\u00f1os de edad.<\/p>\n","protected":false},"excerpt":{"rendered":"<p>En el municipio de Guadalc\u00e1zar <\/p>\n","protected":false},"author":4,"featured_media":32052,"comment_status":"closed","ping_status":"closed","sticky":false,"template":"","format":"standard","meta":{"_et_pb_use_builder":"off","_et_pb_old_content":"","_et_gb_content_width":"","footnotes":""},"categories":[412,62],"tags":[],"class_list":["post-32051","post","type-post","status-publish","format-standard","has-post-thumbnail","hentry","category-destacado","category-redaccion"],"_links":{"self":[{"href":"https:\/\/gerardoduque.com.mx\/index.php?rest_route=\/wp\/v2\/posts\/32051","targetHints":{"allow":["GET"]}}],"collection":[{"href":"https:\/\/gerardoduque.com.mx\/index.php?rest_route=\/wp\/v2\/posts"}],"about":[{"href":"https:\/\/gerardoduque.com.mx\/index.php?rest_route=\/wp\/v2\/types\/post"}],"author":[{"embeddable":true,"href":"https:\/\/gerardoduque.com.mx\/index.php?rest_route=\/wp\/v2\/users\/4"}],"replies":[{"embeddable":true,"href":"https:\/\/gerardoduque.com.mx\/index.php?rest_route=%2Fwp%2Fv2%2Fcomments&post=32051"}],"version-history":[{"count":0,"href":"https:\/\/gerardoduque.com.mx\/index.php?rest_route=\/wp\/v2\/posts\/32051\/revisions"}],"wp:featuredmedia":[{"embeddable":true,"href":"https:\/\/gerardoduque.com.mx\/index.php?rest_route=\/wp\/v2\/media\/32052"}],"wp:attachment":[{"href":"https:\/\/gerardoduque.com.mx\/index.php?rest_route=%2Fwp%2Fv2%2Fmedia&parent=32051"}],"wp:term":[{"taxonomy":"category","embeddable":true,"href":"https:\/\/gerardoduque.com.mx\/index.php?rest_route=%2Fwp%2Fv2%2Fcategories&post=32051"},{"taxonomy":"post_tag","embeddable":true,"href":"https:\/\/gerardoduque.com.mx\/index.php?rest_route=%2Fwp%2Fv2%2Ftags&post=32051"}],"curies":[{"name":"wp","href":"https:\/\/api.w.org\/{rel}","templated":true}]}}