{"id":32031,"date":"2024-12-04T10:15:26","date_gmt":"2024-12-04T16:15:26","guid":{"rendered":"https:\/\/gerardoduque.com.mx\/?p=32031"},"modified":"2024-12-04T10:15:30","modified_gmt":"2024-12-04T16:15:30","slug":"condenan-al-asesino-intelectual-del-expresidente-de-coparmex-en-slp","status":"publish","type":"post","link":"https:\/\/gerardoduque.com.mx\/?p=32031","title":{"rendered":"CONDENAN AL ASESINO INTELECTUAL DEL EXPRESIDENTE DE COPARMEX EN SLP"},"content":{"rendered":"\n<p>La Fiscal\u00eda General del Estado de San Luis Potos\u00ed informa que obtuvo fallo condenatorio contra Ra\u00fal \u201cN\u201d por su plena responsabilidad en el delito de homicidio simple intencional.<\/p>\n\n\n\n<p>Los hechos ocurrieron el 1 de marzo de 2021 en la colonia Las Lomas Primera Secci\u00f3n, en la capital potosina. En ese lugar la v\u00edctima fue atacada con un arma de fuego, posteriormente fue trasladada a un hospital de la ciudad, donde perdi\u00f3 la vida.<\/p>\n\n\n\n<p>Durante la audiencia de juicio oral celebrada ayer martes 3 de diciembre, los agentes del Ministerio P\u00fablico de la Unidad Especializada en Homicidios presentaron los alegatos de clausura y defendieron la teor\u00eda del caso, sustentada por el ente de procurador de justicia.<\/p>\n\n\n\n<p>Como resultado, el Tribunal dict\u00f3 un fallo condenatorio que declar\u00f3 a \u201cRa\u00fal N\u201d como autor intelectual de los hechos.<\/p>\n\n\n\n<p>El acusado permanecer\u00e1 recluido en un centro penitenciario del estado y en los pr\u00f3ximos d\u00edas se realizar\u00e1 la audiencia de individualizaci\u00f3n de sanciones.<\/p>\n","protected":false},"excerpt":{"rendered":"<p>Ahora viene la individualizaci\u00f3n de sanciones.<\/p>\n","protected":false},"author":4,"featured_media":32032,"comment_status":"closed","ping_status":"closed","sticky":false,"template":"","format":"standard","meta":{"_et_pb_use_builder":"off","_et_pb_old_content":"","_et_gb_content_width":"","footnotes":""},"categories":[412,62],"tags":[],"class_list":["post-32031","post","type-post","status-publish","format-standard","has-post-thumbnail","hentry","category-destacado","category-redaccion"],"_links":{"self":[{"href":"https:\/\/gerardoduque.com.mx\/index.php?rest_route=\/wp\/v2\/posts\/32031","targetHints":{"allow":["GET"]}}],"collection":[{"href":"https:\/\/gerardoduque.com.mx\/index.php?rest_route=\/wp\/v2\/posts"}],"about":[{"href":"https:\/\/gerardoduque.com.mx\/index.php?rest_route=\/wp\/v2\/types\/post"}],"author":[{"embeddable":true,"href":"https:\/\/gerardoduque.com.mx\/index.php?rest_route=\/wp\/v2\/users\/4"}],"replies":[{"embeddable":true,"href":"https:\/\/gerardoduque.com.mx\/index.php?rest_route=%2Fwp%2Fv2%2Fcomments&post=32031"}],"version-history":[{"count":0,"href":"https:\/\/gerardoduque.com.mx\/index.php?rest_route=\/wp\/v2\/posts\/32031\/revisions"}],"wp:featuredmedia":[{"embeddable":true,"href":"https:\/\/gerardoduque.com.mx\/index.php?rest_route=\/wp\/v2\/media\/32032"}],"wp:attachment":[{"href":"https:\/\/gerardoduque.com.mx\/index.php?rest_route=%2Fwp%2Fv2%2Fmedia&parent=32031"}],"wp:term":[{"taxonomy":"category","embeddable":true,"href":"https:\/\/gerardoduque.com.mx\/index.php?rest_route=%2Fwp%2Fv2%2Fcategories&post=32031"},{"taxonomy":"post_tag","embeddable":true,"href":"https:\/\/gerardoduque.com.mx\/index.php?rest_route=%2Fwp%2Fv2%2Ftags&post=32031"}],"curies":[{"name":"wp","href":"https:\/\/api.w.org\/{rel}","templated":true}]}}