{"id":31973,"date":"2024-12-02T20:03:04","date_gmt":"2024-12-03T02:03:04","guid":{"rendered":"https:\/\/gerardoduque.com.mx\/?p=31973"},"modified":"2024-12-02T20:03:08","modified_gmt":"2024-12-03T02:03:08","slug":"piden-cuotas-a-indigenas-para-abastecerles-agua-en-comunidades-de-xilitla","status":"publish","type":"post","link":"https:\/\/gerardoduque.com.mx\/?p=31973","title":{"rendered":"PIDEN \u201cCUOTAS\u201d A IND\u00cdGENAS PARA ABASTECERLES AGUA EN COMUNIDADES DE XILITLA"},"content":{"rendered":"\n<p>Miles de familias que residen en localidades rurales en la sierra del municipio de Xilitla padecen la falta de agua en sus hogares.<\/p>\n\n\n\n<p>Aunque en las casas s\u00ed hay tuber\u00edas instaladas, no sale ni una gota del vital l\u00edquido debido a que personas \u201cinfluyentes\u201d mandan instalar v\u00e1lvulas con las que regulan el flujo hacia sectores marginados.<\/p>\n\n\n\n<p><strong><em>\u201cMira, pues no tiene agua, mira, ehh\u2026 como tienen la llave cerrada all\u00e1 arriba pues no tiene, pero te digo, abren cada ocho d\u00edas, cada domingo de ocho a doce, nada m\u00e1s son cuatro horas\u2026 y el resto de la semana, \u00a1nada!\u201d<\/em><\/strong>, narr\u00f3 visiblemente frustrado don Federico P\u00e9rez, quien mostr\u00f3 ante la c\u00e1mara la llave que tiene en la pileta de su casa.<\/p>\n\n\n\n<p>Don Federico vive con su esposa e hijos en la comunidad de San Rafael, ubicada a escasos tres kil\u00f3metros de la cabecera municipal.<\/p>\n\n\n\n<p>Los ind\u00edgenas n\u00e1huatl deben entregar \u201ccuotas\u201d anuales de doscientos ochenta pesos por familia a los representantes de algunos comit\u00e9s comunales. Sin embargo, no les entregan ning\u00fan recibo de pago.<\/p>\n\n\n\n<p>Los afectados tambi\u00e9n deben pagar cincuenta pesos cada ocasi\u00f3n que se les convoca a una asamblea informativa y no pueden asistir.<\/p>\n\n\n\n<p><strong><em>\u201cPues el cobro, la cooperaci\u00f3n, todo eso, eso s\u00ed\u2026 faena, eso s\u00ed tienes que estar al tanto\u201d<\/em><\/strong>, dijo uno de los afectados.<\/p>\n\n\n\n<p>En teor\u00eda, a cambio de las cuotas, las familias recibir\u00edan constantemente agua en sus hogares, pero no es as\u00ed. Gran parte de los manantiales de donde se surte el vital l\u00edquido son \u201cadministrados\u201d irregularmente por particulares.<\/p>\n\n\n\n<p>Las autoridades municipales est\u00e1n plenamente conscientes de los abusos, pero atribuyen la situaci\u00f3n a los \u201cusos y costumbres\u201d.<\/p>\n\n\n\n<p><strong><em>\u201cS\u00ed tenemos problemas con algunas personas en este sentido\u2026 estamos platicando, estamos trabajando para que nos entiendan, ahora s\u00ed que es tema de concientizaci\u00f3n de que el agua debe de ser para todos y que no es propiedad de nadie\u201d<\/em><\/strong>, dijo en entrevista el titular de la Coordinaci\u00f3n Municipal de Desarrollo Social, Juan David Almaraz Mu\u00f1oz.<\/p>\n\n\n\n<p>El territorio de Xilitla es privilegiado por la gran cantidad de recursos naturales que posee.<\/p>\n\n\n\n<p>Las familias de la zona rural lamentan que, a pesar de existir muchos nacimientos y pozos de agua, el manejo del vital l\u00edquido est\u00e9 en manos de unos cu\u00e1ntos.<\/p>\n\n\n\n<p><strong><em>\u201cSon cuatro o cinco horas abierto, pero si no tienes traste grande pues no aprovechas nada\u2026 esas cuatro horas y ya cerrando pues ya no hay agua\u2026\u201d<\/em><\/strong>, coment\u00f3 don Eduardo, quien debido a una incapacidad en las piernas gana poco dinero en las tareas del campo. A don Eduardo le ha sido imposible adquirir una cisterna para almacenar el l\u00edquido que sale de la llave cada domingo.<\/p>\n\n\n\n<p>Al paso de los a\u00f1os la infraestructura hidr\u00e1ulica instalada por las administraciones municipales ha terminado por convertirse en millonarios \u201celefantes blancos\u201d.<\/p>\n\n\n\n<p>El titular de CODESOL en Xilitla considera que actualmente el desabasto de agua podr\u00eda resolverse con un proyecto estimado en trescientos millones de pesos. A decir del funcionario, ese recurso ser\u00eda suficiente para crear un organismo operador de agua independiente del ayuntamiento, construir sistemas de captaci\u00f3n, dep\u00f3sitos, potabilizadoras y una red de distribuci\u00f3n para la zona urbana y las 220 comunidades rurales que tiene el municipio<\/p>\n\n\n\n<p>La falta de agua en los domicilios conlleva situaciones adversas en actividades indispensables como el aseo, el cuidado de la salud, la cocina y el lavado de ropa.<\/p>\n","protected":false},"excerpt":{"rendered":"<p>Solamente les proveen cuatro horas a la semana <\/p>\n","protected":false},"author":4,"featured_media":31974,"comment_status":"closed","ping_status":"closed","sticky":false,"template":"","format":"standard","meta":{"_et_pb_use_builder":"off","_et_pb_old_content":"","_et_gb_content_width":"","footnotes":""},"categories":[412,62],"tags":[],"class_list":["post-31973","post","type-post","status-publish","format-standard","has-post-thumbnail","hentry","category-destacado","category-redaccion"],"_links":{"self":[{"href":"https:\/\/gerardoduque.com.mx\/index.php?rest_route=\/wp\/v2\/posts\/31973","targetHints":{"allow":["GET"]}}],"collection":[{"href":"https:\/\/gerardoduque.com.mx\/index.php?rest_route=\/wp\/v2\/posts"}],"about":[{"href":"https:\/\/gerardoduque.com.mx\/index.php?rest_route=\/wp\/v2\/types\/post"}],"author":[{"embeddable":true,"href":"https:\/\/gerardoduque.com.mx\/index.php?rest_route=\/wp\/v2\/users\/4"}],"replies":[{"embeddable":true,"href":"https:\/\/gerardoduque.com.mx\/index.php?rest_route=%2Fwp%2Fv2%2Fcomments&post=31973"}],"version-history":[{"count":0,"href":"https:\/\/gerardoduque.com.mx\/index.php?rest_route=\/wp\/v2\/posts\/31973\/revisions"}],"wp:featuredmedia":[{"embeddable":true,"href":"https:\/\/gerardoduque.com.mx\/index.php?rest_route=\/wp\/v2\/media\/31974"}],"wp:attachment":[{"href":"https:\/\/gerardoduque.com.mx\/index.php?rest_route=%2Fwp%2Fv2%2Fmedia&parent=31973"}],"wp:term":[{"taxonomy":"category","embeddable":true,"href":"https:\/\/gerardoduque.com.mx\/index.php?rest_route=%2Fwp%2Fv2%2Fcategories&post=31973"},{"taxonomy":"post_tag","embeddable":true,"href":"https:\/\/gerardoduque.com.mx\/index.php?rest_route=%2Fwp%2Fv2%2Ftags&post=31973"}],"curies":[{"name":"wp","href":"https:\/\/api.w.org\/{rel}","templated":true}]}}