{"id":31967,"date":"2024-12-02T14:32:12","date_gmt":"2024-12-02T20:32:12","guid":{"rendered":"https:\/\/gerardoduque.com.mx\/?p=31967"},"modified":"2024-12-02T14:36:51","modified_gmt":"2024-12-02T20:36:51","slug":"porbable-feminicidio-la-muerte-de-la-estudiante-de-secundaria-de-san-martin-chalchicuautla","status":"publish","type":"post","link":"https:\/\/gerardoduque.com.mx\/?p=31967","title":{"rendered":"PROBABLE FEMINICIDIO: MUERTE DE LA ESTUDIANTE DE SECUNDARIA EN SAN MART\u00cdN CHALCHICUAUTLA"},"content":{"rendered":"\n<p>Tras veinticuatro horas de hermetismo, esta tarde la Fiscal\u00eda General del Estado confirma que ayer domingo en el municipio de San Mart\u00edn Chalchicuautla -ubicado al sur de la regi\u00f3n huasteca- fue encontrado el cuerpo de una menor.<\/p>\n\n\n\n<p>La adolescente de 14 a\u00f1os de edad hab\u00eda sido vista con vida por \u00faltima vez el 21 de noviembre en el ejido El Pemuche Nuevo.<\/p>\n\n\n\n<p>Luego de su desaparici\u00f3n se emiti\u00f3 una ficha de Alerta Amber para intentar localizarla sana y salva, pero ayer fueron encontrados sus restos.<\/p>\n\n\n\n<p>A trav\u00e9s de un bolet\u00edn enviado a medios de comunicaci\u00f3n, la FGE informa que la Fiscal\u00eda Especializada en Feminicidios se traslad\u00f3 al lugar donde ocurri\u00f3 el hallazgo para recabar datos de prueba, ya que una de las l\u00edneas de investigaci\u00f3n se enfoca en un posible feminicidio.<\/p>\n\n\n\n<p>El cuerpo de la estudiante de secundaria fue hallado dentro de una parcela, en la misma \u00e1rea donde se le vio con vida por \u00faltima ocasi\u00f3n.<\/p>\n\n\n\n<p>El caso de la desaparici\u00f3n de la jovencita fue inicialmente gestionado por la Fiscal\u00eda Especializada en Derechos Humanos, que activ\u00f3 una ficha de b\u00fasqueda y una Alerta Amber tras la denuncia por la no localizaci\u00f3n de la menor.<\/p>\n\n\n\n<p>De acuerdo a informaci\u00f3n reservada obtenida por este medio, la causa de muerte de la menor ocurri\u00f3 debido a <strong>\u201casfixia por estrangulamiento con objeto constrictor (cuerda) adherida a fragmentos de piel alrededor de cuello\u201d<\/strong>.<\/p>\n\n\n\n<p>La FGE inform\u00f3 que su personal trabajar\u00e1 en el transcurso de las pr\u00f3ximas horas, desplegando en la zona a elementos de investigaci\u00f3n y agentes del ministerio p\u00fablico, para el levantamiento de indicios, entrevistas y dict\u00e1menes periciales en materia de criminal\u00edstica que contribuyan a esclarecer el caso.<\/p>\n","protected":false},"excerpt":{"rendered":"<p>Se encontraba desaparecida desde el 21 de noviembre <\/p>\n","protected":false},"author":4,"featured_media":31968,"comment_status":"closed","ping_status":"closed","sticky":false,"template":"","format":"standard","meta":{"_et_pb_use_builder":"off","_et_pb_old_content":"","_et_gb_content_width":"","footnotes":""},"categories":[412,62],"tags":[],"class_list":["post-31967","post","type-post","status-publish","format-standard","has-post-thumbnail","hentry","category-destacado","category-redaccion"],"_links":{"self":[{"href":"https:\/\/gerardoduque.com.mx\/index.php?rest_route=\/wp\/v2\/posts\/31967","targetHints":{"allow":["GET"]}}],"collection":[{"href":"https:\/\/gerardoduque.com.mx\/index.php?rest_route=\/wp\/v2\/posts"}],"about":[{"href":"https:\/\/gerardoduque.com.mx\/index.php?rest_route=\/wp\/v2\/types\/post"}],"author":[{"embeddable":true,"href":"https:\/\/gerardoduque.com.mx\/index.php?rest_route=\/wp\/v2\/users\/4"}],"replies":[{"embeddable":true,"href":"https:\/\/gerardoduque.com.mx\/index.php?rest_route=%2Fwp%2Fv2%2Fcomments&post=31967"}],"version-history":[{"count":0,"href":"https:\/\/gerardoduque.com.mx\/index.php?rest_route=\/wp\/v2\/posts\/31967\/revisions"}],"wp:featuredmedia":[{"embeddable":true,"href":"https:\/\/gerardoduque.com.mx\/index.php?rest_route=\/wp\/v2\/media\/31968"}],"wp:attachment":[{"href":"https:\/\/gerardoduque.com.mx\/index.php?rest_route=%2Fwp%2Fv2%2Fmedia&parent=31967"}],"wp:term":[{"taxonomy":"category","embeddable":true,"href":"https:\/\/gerardoduque.com.mx\/index.php?rest_route=%2Fwp%2Fv2%2Fcategories&post=31967"},{"taxonomy":"post_tag","embeddable":true,"href":"https:\/\/gerardoduque.com.mx\/index.php?rest_route=%2Fwp%2Fv2%2Ftags&post=31967"}],"curies":[{"name":"wp","href":"https:\/\/api.w.org\/{rel}","templated":true}]}}