{"id":31943,"date":"2024-12-01T22:40:13","date_gmt":"2024-12-02T04:40:13","guid":{"rendered":"https:\/\/gerardoduque.com.mx\/?p=31943"},"modified":"2024-12-01T22:40:15","modified_gmt":"2024-12-02T04:40:15","slug":"vinculado-a-gerardo-sanchez-zumaya-ahora-es-proveedor-del-dif-de-tanlajas","status":"publish","type":"post","link":"https:\/\/gerardoduque.com.mx\/?p=31943","title":{"rendered":"VINCULADO A GERARDO S\u00c1NCHEZ ZUMAYA AHORA ES PROVEEDOR DEL DIF DE TANLAJ\u00c1S"},"content":{"rendered":"\n<p>Humberto Lucero Calder\u00f3n es presuntamente uno de los prestanombres de Gerardo S\u00e1nchez Zumaya.<\/p>\n\n\n\n<p>Meses atr\u00e1s, Humberto Lucero Calder\u00f3n fue uno de los principales operadores de la campa\u00f1a de su pap\u00e1 (Humberto Lucero Maga\u00f1a) rumbo a la alcald\u00eda de Tanlaj\u00e1s.<\/p>\n\n\n\n<p>Ahora, el \u201cjunior\u201d es proveedor de medicinas en el DIF de dicho municipio huasteco.<\/p>\n\n\n\n<p>Humberto Lucero Calder\u00f3n fue denunciado en Tabasco y se\u00f1alado a nivel nacional a trav\u00e9s de una investigaci\u00f3n period\u00edstica revelada en medios de comunicaci\u00f3n reconocidos.<\/p>\n\n\n\n<p>En dicha investigaci\u00f3n se le acusa de ser parte del engranaje en el que, junto a Gerardo S\u00e1nchez Zumaya, arma una red de lavado de dinero a trav\u00e9s de transacciones con PEMEX.<\/p>\n\n\n\n<p>De dichas actividades il\u00edcitas est\u00e1n enterados figuras encumbradas del partido pol\u00edtico MORENA a nivel nacional.<\/p>\n\n\n\n<p>Humberto Lucero Calder\u00f3n es parte de una \u201cred juvenil\u201d de amigos, vecinos y familiares que, con empresas fantasma, ayudan a Gerardo S\u00e1nchez Zumaya en presuntas actividades il\u00edcitas vinculadas en la paraestatal.<\/p>\n\n\n\n<p>Humberto Lucero Calder\u00f3n es conocido por andar armado y problem\u00e1tico.<\/p>\n\n\n\n<p>Ahora, el \u201cjunior\u201d de Tanlaj\u00e1s provee de medicamentos a sobreprecio a su madre, Adriana Calder\u00f3n Pe\u00f1a, presidenta del DIF municipal.<\/p>\n\n\n\n<p>En febrero pasado, el \u201cjunior\u201d Humberto Lucero Calder\u00f3n (amigo de Gerardo S\u00e1nchez Zumaya) fue arrestado en Tabasco por realizar disparos en el antro \u201cDBAR\u201d, donde recientemente se perpetr\u00f3 un ataque a manos de delincuentes, asesinando a seis personas e hiriendo a otras diez.<\/p>\n","protected":false},"excerpt":{"rendered":"<p>Tambi\u00e9n est\u00e1 presuntamente involucrado en il\u00edcitos vinculados a PEMEX  <\/p>\n","protected":false},"author":4,"featured_media":31944,"comment_status":"closed","ping_status":"closed","sticky":false,"template":"","format":"standard","meta":{"_et_pb_use_builder":"off","_et_pb_old_content":"","_et_gb_content_width":"","footnotes":""},"categories":[412,62],"tags":[],"class_list":["post-31943","post","type-post","status-publish","format-standard","has-post-thumbnail","hentry","category-destacado","category-redaccion"],"_links":{"self":[{"href":"https:\/\/gerardoduque.com.mx\/index.php?rest_route=\/wp\/v2\/posts\/31943","targetHints":{"allow":["GET"]}}],"collection":[{"href":"https:\/\/gerardoduque.com.mx\/index.php?rest_route=\/wp\/v2\/posts"}],"about":[{"href":"https:\/\/gerardoduque.com.mx\/index.php?rest_route=\/wp\/v2\/types\/post"}],"author":[{"embeddable":true,"href":"https:\/\/gerardoduque.com.mx\/index.php?rest_route=\/wp\/v2\/users\/4"}],"replies":[{"embeddable":true,"href":"https:\/\/gerardoduque.com.mx\/index.php?rest_route=%2Fwp%2Fv2%2Fcomments&post=31943"}],"version-history":[{"count":0,"href":"https:\/\/gerardoduque.com.mx\/index.php?rest_route=\/wp\/v2\/posts\/31943\/revisions"}],"wp:featuredmedia":[{"embeddable":true,"href":"https:\/\/gerardoduque.com.mx\/index.php?rest_route=\/wp\/v2\/media\/31944"}],"wp:attachment":[{"href":"https:\/\/gerardoduque.com.mx\/index.php?rest_route=%2Fwp%2Fv2%2Fmedia&parent=31943"}],"wp:term":[{"taxonomy":"category","embeddable":true,"href":"https:\/\/gerardoduque.com.mx\/index.php?rest_route=%2Fwp%2Fv2%2Fcategories&post=31943"},{"taxonomy":"post_tag","embeddable":true,"href":"https:\/\/gerardoduque.com.mx\/index.php?rest_route=%2Fwp%2Fv2%2Ftags&post=31943"}],"curies":[{"name":"wp","href":"https:\/\/api.w.org\/{rel}","templated":true}]}}