{"id":31870,"date":"2024-11-17T02:54:00","date_gmt":"2024-11-17T08:54:00","guid":{"rendered":"https:\/\/gerardoduque.com.mx\/?p=31870"},"modified":"2024-12-01T14:55:55","modified_gmt":"2024-12-01T20:55:55","slug":"gobierno-del-estado-promueve-derechos-de-la-ninez-potosina","status":"publish","type":"post","link":"https:\/\/gerardoduque.com.mx\/?p=31870","title":{"rendered":"GOBIERNO DEL ESTADO PROMUEVE DERECHOS DE LA NI\u00d1EZ POTOSINA"},"content":{"rendered":"\n<p>Para brindar m\u00e1s apoyo a las y los potosinos, en el marco del 35 Aniversario de la Convenci\u00f3n sobre los Derechos del Ni\u00f1o y la Ni\u00f1a, el Sistema Estatal para el Desarrollo Integral de la Familia (DIF) dio arranque a las Jornadas para el Bienestar Familiar, en distintos municipios como en la capital, que se realiz\u00f3 en los Parques Tangamanga I y II con la participaci\u00f3n de 100 ni\u00f1as, ni\u00f1os y adolescentes de sexto de primaria, 100 madres y padres, y personal docente.<\/p>\n\n\n\n<p>Siguiendo la instrucci\u00f3n del Gobernador Ricardo Gallardo Cardona, estas Jornadas buscan que las madres y padres puedan tener una mejor comunicaci\u00f3n con sus hijas e hijos fortaleciendo su relaci\u00f3n y evitando alg\u00fan tipo de riesgo psicosocial respetando en todo momento sus derechos humanos, y fue dise\u00f1ado por parte de Infancia Temprana y Prevenci\u00f3n de Riesgos Psicosociales de la Coordinaci\u00f3n de Bienestar Familiar de DIF Estatal.<\/p>\n\n\n\n<p>Estas actividades son parte de los trabajos de la Coordinaci\u00f3n de Bienestar Familiar que tambi\u00e9n realiza acciones de prevenci\u00f3n en temas de salud mental a trav\u00e9s de talleres de Prevenci\u00f3n del Suicidio, Manejo del Duelo, Herramientas para la Sana Convivencia, Prevenci\u00f3n del Cutting (Autolesiones), Prevenci\u00f3n y Soluci\u00f3n Pac\u00edfica de Conflictos y Atenci\u00f3n Psicol\u00f3gica Gratuita con atenci\u00f3n abierta a las escuelas, instituciones p\u00fablicas, empresas u organismos que lo soliciten.<\/p>\n","protected":false},"excerpt":{"rendered":"<p>Para brindar m\u00e1s apoyo a las y los potosinos, en el marco del 35 Aniversario de la Convenci\u00f3n sobre los Derechos del Ni\u00f1o y la Ni\u00f1a, el Sistema Estatal para el Desarrollo Integral de la Familia (DIF) dio arranque a las Jornadas para el Bienestar Familiar, en distintos municipios como en la capital, que se [&hellip;]<\/p>\n","protected":false},"author":4,"featured_media":31871,"comment_status":"closed","ping_status":"closed","sticky":false,"template":"","format":"standard","meta":{"_et_pb_use_builder":"off","_et_pb_old_content":"","_et_gb_content_width":"","footnotes":""},"categories":[280],"tags":[72,66],"class_list":["post-31870","post","type-post","status-publish","format-standard","has-post-thumbnail","hentry","category-gob-slp","tag-gobierno-del-estado","tag-san-luis-potosi"],"_links":{"self":[{"href":"https:\/\/gerardoduque.com.mx\/index.php?rest_route=\/wp\/v2\/posts\/31870","targetHints":{"allow":["GET"]}}],"collection":[{"href":"https:\/\/gerardoduque.com.mx\/index.php?rest_route=\/wp\/v2\/posts"}],"about":[{"href":"https:\/\/gerardoduque.com.mx\/index.php?rest_route=\/wp\/v2\/types\/post"}],"author":[{"embeddable":true,"href":"https:\/\/gerardoduque.com.mx\/index.php?rest_route=\/wp\/v2\/users\/4"}],"replies":[{"embeddable":true,"href":"https:\/\/gerardoduque.com.mx\/index.php?rest_route=%2Fwp%2Fv2%2Fcomments&post=31870"}],"version-history":[{"count":0,"href":"https:\/\/gerardoduque.com.mx\/index.php?rest_route=\/wp\/v2\/posts\/31870\/revisions"}],"wp:featuredmedia":[{"embeddable":true,"href":"https:\/\/gerardoduque.com.mx\/index.php?rest_route=\/wp\/v2\/media\/31871"}],"wp:attachment":[{"href":"https:\/\/gerardoduque.com.mx\/index.php?rest_route=%2Fwp%2Fv2%2Fmedia&parent=31870"}],"wp:term":[{"taxonomy":"category","embeddable":true,"href":"https:\/\/gerardoduque.com.mx\/index.php?rest_route=%2Fwp%2Fv2%2Fcategories&post=31870"},{"taxonomy":"post_tag","embeddable":true,"href":"https:\/\/gerardoduque.com.mx\/index.php?rest_route=%2Fwp%2Fv2%2Ftags&post=31870"}],"curies":[{"name":"wp","href":"https:\/\/api.w.org\/{rel}","templated":true}]}}