{"id":31866,"date":"2024-11-17T02:50:00","date_gmt":"2024-11-17T08:50:00","guid":{"rendered":"https:\/\/gerardoduque.com.mx\/?p=31866"},"modified":"2024-12-01T14:54:05","modified_gmt":"2024-12-01T20:54:05","slug":"ejecutivo-estatal-avanza-con-capacitacion-a-personal-de-la-jec","status":"publish","type":"post","link":"https:\/\/gerardoduque.com.mx\/?p=31866","title":{"rendered":"EJECUTIVO ESTATAL AVANZA CON CAPACITACI\u00d3N A PERSONAL DE LA JEC"},"content":{"rendered":"\n<p>La Junta Estatal de Caminos (JEC), en colaboraci\u00f3n con la direcci\u00f3n de Desarrollo Humano de la Oficial\u00eda Mayor, avanza en el programa de capacitaci\u00f3n 2024, que ofrece nuevas y mejores herramientas para el desempe\u00f1o de las actividades en las diversas \u00e1reas para brindar m\u00e1s apoyo en la mejora del servicio.<\/p>\n\n\n\n<p>El titular de la dependencia, Francisco Reyes Novelo, detall\u00f3 que la m\u00e1s reciente capacitaci\u00f3n dirigida al personal fue el \u201cTaller pr\u00e1ctico de gesti\u00f3n del estr\u00e9s\u201d, con la asistencia de 26 personas trabajadoras de las diversas \u00e1reas de la JEC.<\/p>\n\n\n\n<p>En seguimiento al trabajo del Gobernador del Estado, Ricardo Gallardo Cardona, en torno a mejorar el servicio que brinda el Gobierno Estatal a las y los potosinos, la JEC cumplir\u00e1 con el \u00faltimo tema de \u201cCero Mobbing\u201d (Acoso laboral), con lo que atender\u00e1 de manera oportuna la agenda anual de capacitaci\u00f3n y profesionalizaci\u00f3n al personal de la dependencia.<\/p>\n\n\n\n<p>El objetivo del taller fue que las y los servidores p\u00fablicos tengan mayores oportunidades para reconocer los factores que les producen estr\u00e9s en su entorno y entender el impacto en su salud f\u00edsica y mental, motiv\u00e1ndolos a buscar su bienestar y mejorar la calidad de vida.<\/p>\n","protected":false},"excerpt":{"rendered":"<p>La Junta Estatal de Caminos (JEC), en colaboraci\u00f3n con la direcci\u00f3n de Desarrollo Humano de la Oficial\u00eda Mayor, avanza en el programa de capacitaci\u00f3n 2024, que ofrece nuevas y mejores herramientas para el desempe\u00f1o de las actividades en las diversas \u00e1reas para brindar m\u00e1s apoyo en la mejora del servicio. El titular de la dependencia, [&hellip;]<\/p>\n","protected":false},"author":4,"featured_media":31868,"comment_status":"closed","ping_status":"closed","sticky":false,"template":"","format":"standard","meta":{"_et_pb_use_builder":"off","_et_pb_old_content":"","_et_gb_content_width":"","footnotes":""},"categories":[280],"tags":[72,66],"class_list":["post-31866","post","type-post","status-publish","format-standard","has-post-thumbnail","hentry","category-gob-slp","tag-gobierno-del-estado","tag-san-luis-potosi"],"_links":{"self":[{"href":"https:\/\/gerardoduque.com.mx\/index.php?rest_route=\/wp\/v2\/posts\/31866","targetHints":{"allow":["GET"]}}],"collection":[{"href":"https:\/\/gerardoduque.com.mx\/index.php?rest_route=\/wp\/v2\/posts"}],"about":[{"href":"https:\/\/gerardoduque.com.mx\/index.php?rest_route=\/wp\/v2\/types\/post"}],"author":[{"embeddable":true,"href":"https:\/\/gerardoduque.com.mx\/index.php?rest_route=\/wp\/v2\/users\/4"}],"replies":[{"embeddable":true,"href":"https:\/\/gerardoduque.com.mx\/index.php?rest_route=%2Fwp%2Fv2%2Fcomments&post=31866"}],"version-history":[{"count":0,"href":"https:\/\/gerardoduque.com.mx\/index.php?rest_route=\/wp\/v2\/posts\/31866\/revisions"}],"wp:featuredmedia":[{"embeddable":true,"href":"https:\/\/gerardoduque.com.mx\/index.php?rest_route=\/wp\/v2\/media\/31868"}],"wp:attachment":[{"href":"https:\/\/gerardoduque.com.mx\/index.php?rest_route=%2Fwp%2Fv2%2Fmedia&parent=31866"}],"wp:term":[{"taxonomy":"category","embeddable":true,"href":"https:\/\/gerardoduque.com.mx\/index.php?rest_route=%2Fwp%2Fv2%2Fcategories&post=31866"},{"taxonomy":"post_tag","embeddable":true,"href":"https:\/\/gerardoduque.com.mx\/index.php?rest_route=%2Fwp%2Fv2%2Ftags&post=31866"}],"curies":[{"name":"wp","href":"https:\/\/api.w.org\/{rel}","templated":true}]}}