{"id":31861,"date":"2024-11-07T14:49:06","date_gmt":"2024-11-07T20:49:06","guid":{"rendered":"https:\/\/gerardoduque.com.mx\/?p=31861"},"modified":"2024-12-01T14:50:23","modified_gmt":"2024-12-01T20:50:23","slug":"ricardo-gallardo-y-claudia-sheinbaum-reafirman-compromiso-con-la-transformacion-de-slp","status":"publish","type":"post","link":"https:\/\/gerardoduque.com.mx\/?p=31861","title":{"rendered":"RICARDO GALLARDO Y CLAUDIA SHEINBAUM REAFIRMAN COMPROMISO CON LA TRANSFORMACI\u00d3N DE SLP"},"content":{"rendered":"\n<p>San Luis Potos\u00ed continuar\u00e1 en la ruta de la transformaci\u00f3n y con una visi\u00f3n de llevar m\u00e1s apoyo a quienes m\u00e1s lo necesitan, destac\u00f3 el Gobernador del Estado, Ricardo Gallardo Cardona, al reunirse este viernes con la Presidenta de M\u00e9xico, Claudia Sheinbaum Pardo, en el municipio de Santa Mar\u00eda del R\u00edo, y tras mostrar su compromiso para brindar apoyo y dar continuidad a la infraestructura que el Gobierno Federal tiene proyectada para la entidad.<\/p>\n\n\n\n<p>En el museo \u201cCasa del Rebozo\u201d, en el pueblo m\u00e1gico de Santa Mar\u00eda del R\u00edo, lugar donde inici\u00f3 la primera gira como Presidenta de M\u00e9xico por San Luis Potos\u00ed, se llev\u00f3 a cabo una importante e hist\u00f3rica reuni\u00f3n con el objetivo de seguir coordinando esfuerzos para garantizar que San Luis Potos\u00ed contin\u00fae por la ruta del progreso y transformaci\u00f3n en apoyo de las y los potosinos.<\/p>\n\n\n\n<p>Al iniciar el primer encuentro, el Mandatario Estatal reafirm\u00f3 su compromiso de brindar todo el apoyo a los proyectos que el Gobierno Federal tiene visualizados para San Luis Potos\u00ed como la supercarretera del puerto de Altamira a la Huasteca, la ampliaci\u00f3n del Aeropuerto a Tamu\u00edn, el nuevo Hospital de Ciudad Valles y obras en la zona metropolitana como el segundo piso de la carretera 57, entre muchas otras.<\/p>\n\n\n\n<p>Tras abordar los diferentes temas, el Gobernador potosino expuso su apoyo al segundo piso de la cuarta transformaci\u00f3n, al coincidir con los principios del humanismo mexicano que promueve la justicia social, el bienestar y el crecimiento social y econ\u00f3mico, y agradeci\u00f3 los proyectos, algunos incluidos dentro de los primeros cien d\u00edas de trabajo del Gobierno Federal, como el Aeropuerto de Tamu\u00edn que podr\u00eda arrancar en breve, al ser una obra que detonar\u00e1 el crecimiento de la regi\u00f3n.<\/p>\n","protected":false},"excerpt":{"rendered":"<p>San Luis Potos\u00ed continuar\u00e1 en la ruta de la transformaci\u00f3n y con una visi\u00f3n de llevar m\u00e1s apoyo a quienes m\u00e1s lo necesitan, destac\u00f3 el Gobernador del Estado, Ricardo Gallardo Cardona, al reunirse este viernes con la Presidenta de M\u00e9xico, Claudia Sheinbaum Pardo, en el municipio de Santa Mar\u00eda del R\u00edo, y tras mostrar su [&hellip;]<\/p>\n","protected":false},"author":4,"featured_media":31862,"comment_status":"closed","ping_status":"closed","sticky":false,"template":"","format":"standard","meta":{"_et_pb_use_builder":"off","_et_pb_old_content":"","_et_gb_content_width":"","footnotes":""},"categories":[280],"tags":[72,66],"class_list":["post-31861","post","type-post","status-publish","format-standard","has-post-thumbnail","hentry","category-gob-slp","tag-gobierno-del-estado","tag-san-luis-potosi"],"_links":{"self":[{"href":"https:\/\/gerardoduque.com.mx\/index.php?rest_route=\/wp\/v2\/posts\/31861","targetHints":{"allow":["GET"]}}],"collection":[{"href":"https:\/\/gerardoduque.com.mx\/index.php?rest_route=\/wp\/v2\/posts"}],"about":[{"href":"https:\/\/gerardoduque.com.mx\/index.php?rest_route=\/wp\/v2\/types\/post"}],"author":[{"embeddable":true,"href":"https:\/\/gerardoduque.com.mx\/index.php?rest_route=\/wp\/v2\/users\/4"}],"replies":[{"embeddable":true,"href":"https:\/\/gerardoduque.com.mx\/index.php?rest_route=%2Fwp%2Fv2%2Fcomments&post=31861"}],"version-history":[{"count":0,"href":"https:\/\/gerardoduque.com.mx\/index.php?rest_route=\/wp\/v2\/posts\/31861\/revisions"}],"wp:featuredmedia":[{"embeddable":true,"href":"https:\/\/gerardoduque.com.mx\/index.php?rest_route=\/wp\/v2\/media\/31862"}],"wp:attachment":[{"href":"https:\/\/gerardoduque.com.mx\/index.php?rest_route=%2Fwp%2Fv2%2Fmedia&parent=31861"}],"wp:term":[{"taxonomy":"category","embeddable":true,"href":"https:\/\/gerardoduque.com.mx\/index.php?rest_route=%2Fwp%2Fv2%2Fcategories&post=31861"},{"taxonomy":"post_tag","embeddable":true,"href":"https:\/\/gerardoduque.com.mx\/index.php?rest_route=%2Fwp%2Fv2%2Ftags&post=31861"}],"curies":[{"name":"wp","href":"https:\/\/api.w.org\/{rel}","templated":true}]}}