{"id":31858,"date":"2024-11-07T02:47:00","date_gmt":"2024-11-07T08:47:00","guid":{"rendered":"https:\/\/gerardoduque.com.mx\/?p=31858"},"modified":"2024-12-01T14:48:59","modified_gmt":"2024-12-01T20:48:59","slug":"nacional-charro-detono-crecimiento-economico-y-turistico-de-slp-canaco-2","status":"publish","type":"post","link":"https:\/\/gerardoduque.com.mx\/?p=31858","title":{"rendered":"NACIONAL CHARRO DETON\u00d3 CRECIMIENTO ECON\u00d3MICO Y TUR\u00cdSTICO DE SLP: CANACO"},"content":{"rendered":"\n<p>Tras el rotundo \u00e9xito del Congreso y Campeonato Nacional Charro 2024, celebrado en San Luis Potos\u00ed, el presidente de la C\u00e1mara Nacional de Comercio, Servicios y Turismo (Canaco-Servytur) Fernando D\u00edaz de Le\u00f3n Hern\u00e1ndez, resalt\u00f3 que este evento posicion\u00f3 al Estado como el centro de la charrer\u00eda, y deton\u00f3 la hoteler\u00eda, restaurantes, transporte y comercios locales, con visitantes de diversas partes de M\u00e9xico.<\/p>\n\n\n\n<p>El l\u00edder empresarial destac\u00f3 la presencia de charros y visitantes en el centro hist\u00f3rico, plazas comerciales y otros sitios tur\u00edsticos, que es reflejo del atractivo de San Luis Potos\u00ed como destino tur\u00edstico que combina tradici\u00f3n y modernidad, al considerar que: \u00abeste evento reafirma la importancia de la ciudad como sede de grandes eventos\u00bb.<\/p>\n\n\n\n<p>Resalt\u00f3 que el Congreso mostr\u00f3 el orgullo nacional y la tradici\u00f3n de la charrer\u00eda, y el valor de estos eventos para la econom\u00eda local, por lo que reconoci\u00f3 al Gobierno del Estado, que encabeza Ricardo Gallardo Cardona y a las secretar\u00edas de Turismo, Cultura y Desarrollo Econ\u00f3mico por la organizaci\u00f3n y promoci\u00f3n, adem\u00e1s de expresar su compromiso de colaboraci\u00f3n para atraer m\u00e1s congresos y convenciones.<\/p>\n\n\n\n<p>D\u00edaz de Le\u00f3n Hern\u00e1ndez enfatiz\u00f3 la importancia de fortalecer la cooperaci\u00f3n entre el Gobierno Estatal y el sector privado para seguir impulsando la econom\u00eda local y proyectar a San Luis Potos\u00ed como un destino atractivo a nivel nacional e internacional, por lo que la Canaco-Servytur reafirm\u00f3 su compromiso de apoyar las iniciativas que fortalezcan el comercio y los servicios locales, buscando consolidar a San Luis Potos\u00ed como un referente para eventos de alto nivel.<\/p>\n","protected":false},"excerpt":{"rendered":"<p>Tras el rotundo \u00e9xito del Congreso y Campeonato Nacional Charro 2024, celebrado en San Luis Potos\u00ed, el presidente de la C\u00e1mara Nacional de Comercio, Servicios y Turismo (Canaco-Servytur) Fernando D\u00edaz de Le\u00f3n Hern\u00e1ndez, resalt\u00f3 que este evento posicion\u00f3 al Estado como el centro de la charrer\u00eda, y deton\u00f3 la hoteler\u00eda, restaurantes, transporte y comercios locales, [&hellip;]<\/p>\n","protected":false},"author":4,"featured_media":31859,"comment_status":"closed","ping_status":"closed","sticky":false,"template":"","format":"standard","meta":{"_et_pb_use_builder":"off","_et_pb_old_content":"","_et_gb_content_width":"","footnotes":""},"categories":[280],"tags":[72,66],"class_list":["post-31858","post","type-post","status-publish","format-standard","has-post-thumbnail","hentry","category-gob-slp","tag-gobierno-del-estado","tag-san-luis-potosi"],"_links":{"self":[{"href":"https:\/\/gerardoduque.com.mx\/index.php?rest_route=\/wp\/v2\/posts\/31858","targetHints":{"allow":["GET"]}}],"collection":[{"href":"https:\/\/gerardoduque.com.mx\/index.php?rest_route=\/wp\/v2\/posts"}],"about":[{"href":"https:\/\/gerardoduque.com.mx\/index.php?rest_route=\/wp\/v2\/types\/post"}],"author":[{"embeddable":true,"href":"https:\/\/gerardoduque.com.mx\/index.php?rest_route=\/wp\/v2\/users\/4"}],"replies":[{"embeddable":true,"href":"https:\/\/gerardoduque.com.mx\/index.php?rest_route=%2Fwp%2Fv2%2Fcomments&post=31858"}],"version-history":[{"count":0,"href":"https:\/\/gerardoduque.com.mx\/index.php?rest_route=\/wp\/v2\/posts\/31858\/revisions"}],"wp:featuredmedia":[{"embeddable":true,"href":"https:\/\/gerardoduque.com.mx\/index.php?rest_route=\/wp\/v2\/media\/31859"}],"wp:attachment":[{"href":"https:\/\/gerardoduque.com.mx\/index.php?rest_route=%2Fwp%2Fv2%2Fmedia&parent=31858"}],"wp:term":[{"taxonomy":"category","embeddable":true,"href":"https:\/\/gerardoduque.com.mx\/index.php?rest_route=%2Fwp%2Fv2%2Fcategories&post=31858"},{"taxonomy":"post_tag","embeddable":true,"href":"https:\/\/gerardoduque.com.mx\/index.php?rest_route=%2Fwp%2Fv2%2Ftags&post=31858"}],"curies":[{"name":"wp","href":"https:\/\/api.w.org\/{rel}","templated":true}]}}