{"id":31837,"date":"2024-12-01T14:32:43","date_gmt":"2024-12-01T20:32:43","guid":{"rendered":"https:\/\/gerardoduque.com.mx\/?p=31837"},"modified":"2024-12-01T14:32:47","modified_gmt":"2024-12-01T20:32:47","slug":"desquiciado-atropella-y-prensa-a-un-hombre-tras-discutir-con-el-y-perseguirlo","status":"publish","type":"post","link":"https:\/\/gerardoduque.com.mx\/?p=31837","title":{"rendered":"DESQUICIADO ATROPELLA Y PRENSA A UN HOMBRE TRAS DISCUTIR CON \u00c9L Y PERSEGUIRLO"},"content":{"rendered":"\n<p>Antes del amanecer de este domingo, nuevamente en la ciudad de San Luis Potos\u00ed se registr\u00f3 un acto de violencia extrema, sin que la polic\u00eda haya detenido al responsable. &nbsp;<\/p>\n\n\n\n<p>Varios testimonios se\u00f1alan que, al interior de un antro que se localiza a inmediaciones de la salida SLP \u2013 Quer\u00e9taro, dos individuos sostuvieron una discusi\u00f3n.<\/p>\n\n\n\n<p>Los involucrados salieron del establecimiento e iniciaron una persecuci\u00f3n automovil\u00edstica que termin\u00f3 con un accidente; el tripulante de una Jetta (color negro) embisti\u00f3 a una camioneta tipo SUV (color gris).<\/p>\n\n\n\n<p>El conductor de la camioneta baj\u00f3 de su unidad y comenz\u00f3 a correr a pie para pedir auxilio.<\/p>\n\n\n\n<p>Sin embargo, el tripulante del Jetta (negro) lo persigui\u00f3 hasta lograr atropellarlo y lo dej\u00f3 \u201cprensado\u201d contra un cami\u00f3n.<\/p>\n\n\n\n<p>Enseguida, el agresor descendi\u00f3 del Jetta (negro) y corri\u00f3.<\/p>\n\n\n\n<p>Los elementos de la \u201cPolis\u00eda\u201d municipal acudieron al lugar minutos m\u00e1s tarde, cuando ya el atacante se hab\u00eda dado a la fuga.<\/p>\n","protected":false},"excerpt":{"rendered":"<p>En la ciudad de San Luis Potos\u00ed <\/p>\n","protected":false},"author":4,"featured_media":31838,"comment_status":"closed","ping_status":"closed","sticky":false,"template":"","format":"standard","meta":{"_et_pb_use_builder":"off","_et_pb_old_content":"","_et_gb_content_width":"","footnotes":""},"categories":[412,62],"tags":[],"class_list":["post-31837","post","type-post","status-publish","format-standard","has-post-thumbnail","hentry","category-destacado","category-redaccion"],"_links":{"self":[{"href":"https:\/\/gerardoduque.com.mx\/index.php?rest_route=\/wp\/v2\/posts\/31837","targetHints":{"allow":["GET"]}}],"collection":[{"href":"https:\/\/gerardoduque.com.mx\/index.php?rest_route=\/wp\/v2\/posts"}],"about":[{"href":"https:\/\/gerardoduque.com.mx\/index.php?rest_route=\/wp\/v2\/types\/post"}],"author":[{"embeddable":true,"href":"https:\/\/gerardoduque.com.mx\/index.php?rest_route=\/wp\/v2\/users\/4"}],"replies":[{"embeddable":true,"href":"https:\/\/gerardoduque.com.mx\/index.php?rest_route=%2Fwp%2Fv2%2Fcomments&post=31837"}],"version-history":[{"count":0,"href":"https:\/\/gerardoduque.com.mx\/index.php?rest_route=\/wp\/v2\/posts\/31837\/revisions"}],"wp:featuredmedia":[{"embeddable":true,"href":"https:\/\/gerardoduque.com.mx\/index.php?rest_route=\/wp\/v2\/media\/31838"}],"wp:attachment":[{"href":"https:\/\/gerardoduque.com.mx\/index.php?rest_route=%2Fwp%2Fv2%2Fmedia&parent=31837"}],"wp:term":[{"taxonomy":"category","embeddable":true,"href":"https:\/\/gerardoduque.com.mx\/index.php?rest_route=%2Fwp%2Fv2%2Fcategories&post=31837"},{"taxonomy":"post_tag","embeddable":true,"href":"https:\/\/gerardoduque.com.mx\/index.php?rest_route=%2Fwp%2Fv2%2Ftags&post=31837"}],"curies":[{"name":"wp","href":"https:\/\/api.w.org\/{rel}","templated":true}]}}