{"id":31802,"date":"2024-11-30T07:05:47","date_gmt":"2024-11-30T13:05:47","guid":{"rendered":"https:\/\/gerardoduque.com.mx\/?p=31802"},"modified":"2024-11-30T07:05:51","modified_gmt":"2024-11-30T13:05:51","slug":"anuncian-supercarretera-a-villa-de-reyes","status":"publish","type":"post","link":"https:\/\/gerardoduque.com.mx\/?p=31802","title":{"rendered":"ANUNCIAN SUPERCARRETERA A VILLA DE REYES"},"content":{"rendered":"\n<p>El Gobernador Ricardo Gallardo Cardona, anunci\u00f3 la ampliaci\u00f3n de la carretera San Luis-Villa de Reyes, que permitir\u00e1 un impulso hist\u00f3rico al dinamismo de la regi\u00f3n Baj\u00edo, as\u00ed como mejorar la movilidad. La obra a ejecutarse en 2025 transformar\u00e1 a una supercarretera de cuatro carriles, con lo que buscan reducir los accidentes que ocurren en la zona debido a la angostura de esta, garantizando con ello m\u00e1s apoyo a la seguridad vial de los automovilistas que transiten por el tramo carretero.<\/p>\n\n\n\n<p>Adem\u00e1s de evitar accidentes, este proyecto permitir\u00e1 una mejor movilidad comercial, que se traducir\u00e1 en una mejor calidad de vida para las y los potosinos, pues promover\u00e1 la atracci\u00f3n de m\u00e1s y mejores empresas extranjeras al Estado, as\u00ed como mejores oportunidades laborales con salarios bien pagados.<\/p>\n\n\n\n<p>Durante los \u00faltimos tres a\u00f1os la actual administraci\u00f3n ha consolidado la renovaci\u00f3n de carreteras estatales, para mejorar las condiciones de infraestructura vial en las cuatro regiones, con lo que se ha mejorado la conectividad de los potosinos.<\/p>\n","protected":false},"excerpt":{"rendered":"<p>Tendr\u00e1 una inversi\u00f3n de 500 millones de pesos, buscando mejorar la movilidad.<\/p>\n","protected":false},"author":4,"featured_media":31803,"comment_status":"closed","ping_status":"closed","sticky":false,"template":"","format":"standard","meta":{"_et_pb_use_builder":"off","_et_pb_old_content":"","_et_gb_content_width":"","footnotes":""},"categories":[412,280],"tags":[72,66],"class_list":["post-31802","post","type-post","status-publish","format-standard","has-post-thumbnail","hentry","category-destacado","category-gob-slp","tag-gobierno-del-estado","tag-san-luis-potosi"],"_links":{"self":[{"href":"https:\/\/gerardoduque.com.mx\/index.php?rest_route=\/wp\/v2\/posts\/31802","targetHints":{"allow":["GET"]}}],"collection":[{"href":"https:\/\/gerardoduque.com.mx\/index.php?rest_route=\/wp\/v2\/posts"}],"about":[{"href":"https:\/\/gerardoduque.com.mx\/index.php?rest_route=\/wp\/v2\/types\/post"}],"author":[{"embeddable":true,"href":"https:\/\/gerardoduque.com.mx\/index.php?rest_route=\/wp\/v2\/users\/4"}],"replies":[{"embeddable":true,"href":"https:\/\/gerardoduque.com.mx\/index.php?rest_route=%2Fwp%2Fv2%2Fcomments&post=31802"}],"version-history":[{"count":0,"href":"https:\/\/gerardoduque.com.mx\/index.php?rest_route=\/wp\/v2\/posts\/31802\/revisions"}],"wp:featuredmedia":[{"embeddable":true,"href":"https:\/\/gerardoduque.com.mx\/index.php?rest_route=\/wp\/v2\/media\/31803"}],"wp:attachment":[{"href":"https:\/\/gerardoduque.com.mx\/index.php?rest_route=%2Fwp%2Fv2%2Fmedia&parent=31802"}],"wp:term":[{"taxonomy":"category","embeddable":true,"href":"https:\/\/gerardoduque.com.mx\/index.php?rest_route=%2Fwp%2Fv2%2Fcategories&post=31802"},{"taxonomy":"post_tag","embeddable":true,"href":"https:\/\/gerardoduque.com.mx\/index.php?rest_route=%2Fwp%2Fv2%2Ftags&post=31802"}],"curies":[{"name":"wp","href":"https:\/\/api.w.org\/{rel}","templated":true}]}}