{"id":31763,"date":"2024-11-28T15:40:25","date_gmt":"2024-11-28T21:40:25","guid":{"rendered":"https:\/\/gerardoduque.com.mx\/?p=31763"},"modified":"2024-11-28T15:40:28","modified_gmt":"2024-11-28T21:40:28","slug":"gallardo-inaugura-carretera-a-la-ventilla-en-villa-de-reyes","status":"publish","type":"post","link":"https:\/\/gerardoduque.com.mx\/?p=31763","title":{"rendered":"GALLARDO INAUGURA CARRETERA A \u00abLA VENTILLA\u00bb EN VILLA DE REYES"},"content":{"rendered":"\n<p>M\u00e1s de tres mil familias tendr\u00e1n un camino digno y funcional, luego de que este jueves el gobernador de San Luis Potos\u00ed, Ricardo Gallardo Cardona, entreg\u00f3 el rescate del camino desde el entronque carretero Villa de Reyes &#8211; Carranco hasta la localidad \u201cLa Ventilla\u201d, con una inversi\u00f3n de m\u00e1s de siete millones de pesos.<\/p>\n\n\n\n<p>Ricardo Gallardo expres\u00f3 que Villa de Reyes avanza hacia la modernidad, y ahora las familias tendr\u00e1n traslados \u00e1giles, c\u00f3modos y seguros hacia sus empleos a la zona industrial, para ir a sus centros de trabajo o escuelas y para desplazarse a centros de salud.<\/p>\n\n\n\n<p>El gobernador detall\u00f3 que esta obra brinda especial atenci\u00f3n a los habitantes de la demarcaci\u00f3n para que puedan realizar sus actividades diarias de forma m\u00e1s r\u00e1pida y sin contratiempos, lo que a su vez detonar\u00e1 importantes aspectos como mayor inversi\u00f3n y seguridad en el tr\u00e1nsito, sin olvidar el comercio y empresas locales y de la regi\u00f3n que tambi\u00e9n ser\u00e1n beneficiadas.<\/p>\n","protected":false},"excerpt":{"rendered":"<p>Infraestructura para traslados \u00e1giles, seguros y c\u00f3modos <\/p>\n","protected":false},"author":4,"featured_media":31764,"comment_status":"closed","ping_status":"closed","sticky":false,"template":"","format":"standard","meta":{"_et_pb_use_builder":"off","_et_pb_old_content":"","_et_gb_content_width":"","footnotes":""},"categories":[412,62],"tags":[],"class_list":["post-31763","post","type-post","status-publish","format-standard","has-post-thumbnail","hentry","category-destacado","category-redaccion"],"_links":{"self":[{"href":"https:\/\/gerardoduque.com.mx\/index.php?rest_route=\/wp\/v2\/posts\/31763","targetHints":{"allow":["GET"]}}],"collection":[{"href":"https:\/\/gerardoduque.com.mx\/index.php?rest_route=\/wp\/v2\/posts"}],"about":[{"href":"https:\/\/gerardoduque.com.mx\/index.php?rest_route=\/wp\/v2\/types\/post"}],"author":[{"embeddable":true,"href":"https:\/\/gerardoduque.com.mx\/index.php?rest_route=\/wp\/v2\/users\/4"}],"replies":[{"embeddable":true,"href":"https:\/\/gerardoduque.com.mx\/index.php?rest_route=%2Fwp%2Fv2%2Fcomments&post=31763"}],"version-history":[{"count":0,"href":"https:\/\/gerardoduque.com.mx\/index.php?rest_route=\/wp\/v2\/posts\/31763\/revisions"}],"wp:featuredmedia":[{"embeddable":true,"href":"https:\/\/gerardoduque.com.mx\/index.php?rest_route=\/wp\/v2\/media\/31764"}],"wp:attachment":[{"href":"https:\/\/gerardoduque.com.mx\/index.php?rest_route=%2Fwp%2Fv2%2Fmedia&parent=31763"}],"wp:term":[{"taxonomy":"category","embeddable":true,"href":"https:\/\/gerardoduque.com.mx\/index.php?rest_route=%2Fwp%2Fv2%2Fcategories&post=31763"},{"taxonomy":"post_tag","embeddable":true,"href":"https:\/\/gerardoduque.com.mx\/index.php?rest_route=%2Fwp%2Fv2%2Ftags&post=31763"}],"curies":[{"name":"wp","href":"https:\/\/api.w.org\/{rel}","templated":true}]}}