{"id":31740,"date":"2024-11-27T13:58:48","date_gmt":"2024-11-27T19:58:48","guid":{"rendered":"https:\/\/gerardoduque.com.mx\/?p=31740"},"modified":"2024-11-27T13:58:52","modified_gmt":"2024-11-27T19:58:52","slug":"buscadores-encuentran-cadaver-de-una-persona-en-zona-de-exterminio-de-ciudad-valles","status":"publish","type":"post","link":"https:\/\/gerardoduque.com.mx\/?p=31740","title":{"rendered":"BUSCADORES ENCUENTRAN CAD\u00c1VER DE UNA PERSONA EN ZONA DE EXTERMINIO DE CIUDAD VALLES\u00a0"},"content":{"rendered":"\n<p>En horas recientes, colectivos de b\u00fasqueda y personal de la Comisi\u00f3n Estatal de B\u00fasqueda de Personas localizaron restos humanos en terrenos pr\u00f3ximos a la presa La Lajilla.\u00a0 Es un sitio que ya ha sido identificado por anteriores descubrimientos como un \u00e1rea donde podr\u00edan haberse cometido cr\u00edmenes violentos.<\/p>\n\n\n\n<p>Los restos encontrados estaban en avanzado estado de descomposici\u00f3n, lo que dificult\u00f3 la identificaci\u00f3n inmediata del sexo de la v\u00edctima o la causa de su muerte.&nbsp; El material hallado, consistente en huesos y tejido \u00f3seo, fue trasladado a la Vicefiscal\u00eda Cient\u00edfica para an\u00e1lisis forenses que permitan obtener m\u00e1s detalles sobre la identidad de la persona y las circunstancias de su muerte.&nbsp;<\/p>\n\n\n\n<p>Este lugar ha sido se\u00f1alado como una posible zona de exterminio, ya que en el pasado se han encontrado osamentas y fragmentos \u00f3seos en la misma \u00e1rea. Las autoridades han iniciado las investigaciones correspondientes para esclarecer los hechos y determinar si existe alguna relaci\u00f3n con casos de desaparici\u00f3n reportados en la regi\u00f3n.<\/p>\n","protected":false},"excerpt":{"rendered":"<p>En horas recientes, colectivos de b\u00fasqueda y personal de la Comisi\u00f3n Estatal de B\u00fasqueda de Personas localizaron restos humanos en terrenos pr\u00f3ximos a la presa La Lajilla.\u00a0 Es un sitio que ya ha sido identificado por anteriores descubrimientos como un \u00e1rea donde podr\u00edan haberse cometido cr\u00edmenes violentos. Los restos encontrados estaban en avanzado estado de [&hellip;]<\/p>\n","protected":false},"author":4,"featured_media":31741,"comment_status":"closed","ping_status":"closed","sticky":false,"template":"","format":"standard","meta":{"_et_pb_use_builder":"off","_et_pb_old_content":"","_et_gb_content_width":"","footnotes":""},"categories":[412,62],"tags":[79,66],"class_list":["post-31740","post","type-post","status-publish","format-standard","has-post-thumbnail","hentry","category-destacado","category-redaccion","tag-ciudad-valles","tag-san-luis-potosi"],"_links":{"self":[{"href":"https:\/\/gerardoduque.com.mx\/index.php?rest_route=\/wp\/v2\/posts\/31740","targetHints":{"allow":["GET"]}}],"collection":[{"href":"https:\/\/gerardoduque.com.mx\/index.php?rest_route=\/wp\/v2\/posts"}],"about":[{"href":"https:\/\/gerardoduque.com.mx\/index.php?rest_route=\/wp\/v2\/types\/post"}],"author":[{"embeddable":true,"href":"https:\/\/gerardoduque.com.mx\/index.php?rest_route=\/wp\/v2\/users\/4"}],"replies":[{"embeddable":true,"href":"https:\/\/gerardoduque.com.mx\/index.php?rest_route=%2Fwp%2Fv2%2Fcomments&post=31740"}],"version-history":[{"count":0,"href":"https:\/\/gerardoduque.com.mx\/index.php?rest_route=\/wp\/v2\/posts\/31740\/revisions"}],"wp:featuredmedia":[{"embeddable":true,"href":"https:\/\/gerardoduque.com.mx\/index.php?rest_route=\/wp\/v2\/media\/31741"}],"wp:attachment":[{"href":"https:\/\/gerardoduque.com.mx\/index.php?rest_route=%2Fwp%2Fv2%2Fmedia&parent=31740"}],"wp:term":[{"taxonomy":"category","embeddable":true,"href":"https:\/\/gerardoduque.com.mx\/index.php?rest_route=%2Fwp%2Fv2%2Fcategories&post=31740"},{"taxonomy":"post_tag","embeddable":true,"href":"https:\/\/gerardoduque.com.mx\/index.php?rest_route=%2Fwp%2Fv2%2Ftags&post=31740"}],"curies":[{"name":"wp","href":"https:\/\/api.w.org\/{rel}","templated":true}]}}