{"id":31737,"date":"2024-11-27T13:53:20","date_gmt":"2024-11-27T19:53:20","guid":{"rendered":"https:\/\/gerardoduque.com.mx\/?p=31737"},"modified":"2024-11-27T13:53:24","modified_gmt":"2024-11-27T19:53:24","slug":"empresario-critica-corrupcion-en-pemex-por-caso-del-facturero-sanchez-zumaya","status":"publish","type":"post","link":"https:\/\/gerardoduque.com.mx\/?p=31737","title":{"rendered":"EMPRESARIO CRITICA CORRUPCI\u00d3N EN PEMEX POR CASO DEL \u201cFACTURERO\u201d S\u00c1NCHEZ ZUMAYA"},"content":{"rendered":"\n<p>Jorge Ram\u00edrez Hern\u00e1ndez candidato a la presidencia nacional de la Confederaci\u00f3n Patronal de la Rep\u00fablica, critic\u00f3 que a\u00fan prevalezca la corrupci\u00f3n en empresas paraestatales como es Petr\u00f3leos Mexicanos, con contratos poco claros concedidos al empresario Gerardo S\u00e1nchez Zumaya.<\/p>\n\n\n\n<p>Esas anomal\u00edas que fueron identificadas, explic\u00f3, es una de las razones por las que es esencial la existencia de organismos garantes de la transparencia, la legalidad y el piso parejo para las empresas. La semana pasada exhibieron a Zumaya, por participar en una red de empresas factureras, desde la que drenaron a PEMEX varios millones de pesos.<\/p>\n\n\n\n<p>El aspirante a la Presidencia de COPARMEX nacional critic\u00f3 que haya personas que compran voluntades, o incurren en favores pol\u00edticos. \u00ab\u00bfQu\u00e9 pasa con la corrupci\u00f3n?, pues que algunos toman gran ventaja porque pueden comprar voluntades, o hacer favores pol\u00edticos, porque viene de las dos direcciones, la corrupci\u00f3n\u00bb.<\/p>\n\n\n\n<p>El candidato a la Presidencia del organismo empresarial afirm\u00f3 que la visi\u00f3n es, por el contrario, avanzar hacia tener m\u00e1s y mejores empresas, reconocidas y que aporten al crecimiento del pa\u00eds. A que haya plataformas e instituciones que garanticen la transparencia, un clima en el que sea un piso parejo para todos.<\/p>\n\n\n\n<p>Ram\u00edrez Hern\u00e1ndez lament\u00f3, por ende, la reforma impulsada a nivel federal, con la que desapareci\u00f3 el Instituto Nacional de Acceso a la Informaci\u00f3n.<\/p>\n","protected":false},"excerpt":{"rendered":"<p>Ram\u00edrez Hern\u00e1ndez lament\u00f3, por ende, la reforma impulsada a nivel federal, con la que desapareci\u00f3 el Instituto Nacional de Acceso a la Informaci\u00f3n.<\/p>\n","protected":false},"author":4,"featured_media":31738,"comment_status":"closed","ping_status":"closed","sticky":false,"template":"","format":"standard","meta":{"_et_pb_use_builder":"off","_et_pb_old_content":"","_et_gb_content_width":"","footnotes":""},"categories":[412,62],"tags":[66],"class_list":["post-31737","post","type-post","status-publish","format-standard","has-post-thumbnail","hentry","category-destacado","category-redaccion","tag-san-luis-potosi"],"_links":{"self":[{"href":"https:\/\/gerardoduque.com.mx\/index.php?rest_route=\/wp\/v2\/posts\/31737","targetHints":{"allow":["GET"]}}],"collection":[{"href":"https:\/\/gerardoduque.com.mx\/index.php?rest_route=\/wp\/v2\/posts"}],"about":[{"href":"https:\/\/gerardoduque.com.mx\/index.php?rest_route=\/wp\/v2\/types\/post"}],"author":[{"embeddable":true,"href":"https:\/\/gerardoduque.com.mx\/index.php?rest_route=\/wp\/v2\/users\/4"}],"replies":[{"embeddable":true,"href":"https:\/\/gerardoduque.com.mx\/index.php?rest_route=%2Fwp%2Fv2%2Fcomments&post=31737"}],"version-history":[{"count":0,"href":"https:\/\/gerardoduque.com.mx\/index.php?rest_route=\/wp\/v2\/posts\/31737\/revisions"}],"wp:featuredmedia":[{"embeddable":true,"href":"https:\/\/gerardoduque.com.mx\/index.php?rest_route=\/wp\/v2\/media\/31738"}],"wp:attachment":[{"href":"https:\/\/gerardoduque.com.mx\/index.php?rest_route=%2Fwp%2Fv2%2Fmedia&parent=31737"}],"wp:term":[{"taxonomy":"category","embeddable":true,"href":"https:\/\/gerardoduque.com.mx\/index.php?rest_route=%2Fwp%2Fv2%2Fcategories&post=31737"},{"taxonomy":"post_tag","embeddable":true,"href":"https:\/\/gerardoduque.com.mx\/index.php?rest_route=%2Fwp%2Fv2%2Ftags&post=31737"}],"curies":[{"name":"wp","href":"https:\/\/api.w.org\/{rel}","templated":true}]}}