{"id":31724,"date":"2024-11-27T13:20:29","date_gmt":"2024-11-27T19:20:29","guid":{"rendered":"https:\/\/gerardoduque.com.mx\/?p=31724"},"modified":"2024-11-27T13:20:33","modified_gmt":"2024-11-27T19:20:33","slug":"imparten-curso-de-capacitacion-en-inteligencia-articifial-a-personal-juridico-del-estado","status":"publish","type":"post","link":"https:\/\/gerardoduque.com.mx\/?p=31724","title":{"rendered":"IMPARTEN CURSO DE CAPACITACI\u00d3N EN INTELIGENCIA ARTICIFIAL A PERSONAL JUR\u00cdDICO DEL ESTADO"},"content":{"rendered":"\n<p>La Secretar\u00eda General de Gobierno y especialistas de la Universidad Polit\u00e9cnica, imparten el curso \u201cInteligencia Artificial y Procesos Jur\u00eddicos de la Administraci\u00f3n P\u00fablica\u201d, en el que participa todo el personal de las \u00e1reas jur\u00eddicas de la dependencia, para fortalecer el uso de las nuevas tecnolog\u00edas en las tareas que realizan.<\/p>\n\n\n\n<p>La capacitaci\u00f3n busca optimizar los tiempos de las \u00e1reas de trabajo, adem\u00e1s promover el uso de las herramientas tecnol\u00f3gicas para mejorar su desempe\u00f1o en beneficio de los usuarios de los distintos servicios que ofrece la dependencia.<\/p>\n\n\n\n<p>En este participa el personal de la dependencia de las \u00e1reas jur\u00eddicas, de la subsecretar\u00eda y de la direcci\u00f3n General de Asuntos Jur\u00eddicos, para implementar nuevos conocimientos a sus \u00e1reas de trabajo y como parte de la profesionalizaci\u00f3n permanente.<\/p>\n\n\n\n<p>La Inteligencia Artificial tiene un alto potencial para el aumento de la productividad, la automatizaci\u00f3n de tareas rutinarias o el desarrollo de la innovaci\u00f3n, y estos son grandes beneficios para el sector p\u00fablico adem\u00e1s que representa un enorme desaf\u00edo, agreg\u00f3 el funcionario, tras precisar que el curso ser\u00e1 los d\u00edas 27 y 28 de noviembre y 4, 5, 11 y 12 de diciembre en el auditorio \u201cPedro Antonio de los Santos\u201d de Palacio de Gobierno.<\/p>\n","protected":false},"excerpt":{"rendered":"<p>El curso tiene como objetivo que los serividores p\u00fablicos puedan optimizar tiempos de las \u00e1reas de trabajo.<\/p>\n","protected":false},"author":4,"featured_media":31726,"comment_status":"closed","ping_status":"closed","sticky":false,"template":"","format":"standard","meta":{"_et_pb_use_builder":"off","_et_pb_old_content":"","_et_gb_content_width":"","footnotes":""},"categories":[412,280],"tags":[72,66,394],"class_list":["post-31724","post","type-post","status-publish","format-standard","has-post-thumbnail","hentry","category-destacado","category-gob-slp","tag-gobierno-del-estado","tag-san-luis-potosi","tag-sgg"],"_links":{"self":[{"href":"https:\/\/gerardoduque.com.mx\/index.php?rest_route=\/wp\/v2\/posts\/31724","targetHints":{"allow":["GET"]}}],"collection":[{"href":"https:\/\/gerardoduque.com.mx\/index.php?rest_route=\/wp\/v2\/posts"}],"about":[{"href":"https:\/\/gerardoduque.com.mx\/index.php?rest_route=\/wp\/v2\/types\/post"}],"author":[{"embeddable":true,"href":"https:\/\/gerardoduque.com.mx\/index.php?rest_route=\/wp\/v2\/users\/4"}],"replies":[{"embeddable":true,"href":"https:\/\/gerardoduque.com.mx\/index.php?rest_route=%2Fwp%2Fv2%2Fcomments&post=31724"}],"version-history":[{"count":0,"href":"https:\/\/gerardoduque.com.mx\/index.php?rest_route=\/wp\/v2\/posts\/31724\/revisions"}],"wp:featuredmedia":[{"embeddable":true,"href":"https:\/\/gerardoduque.com.mx\/index.php?rest_route=\/wp\/v2\/media\/31726"}],"wp:attachment":[{"href":"https:\/\/gerardoduque.com.mx\/index.php?rest_route=%2Fwp%2Fv2%2Fmedia&parent=31724"}],"wp:term":[{"taxonomy":"category","embeddable":true,"href":"https:\/\/gerardoduque.com.mx\/index.php?rest_route=%2Fwp%2Fv2%2Fcategories&post=31724"},{"taxonomy":"post_tag","embeddable":true,"href":"https:\/\/gerardoduque.com.mx\/index.php?rest_route=%2Fwp%2Fv2%2Ftags&post=31724"}],"curies":[{"name":"wp","href":"https:\/\/api.w.org\/{rel}","templated":true}]}}