{"id":31654,"date":"2024-11-24T19:24:06","date_gmt":"2024-11-25T01:24:06","guid":{"rendered":"https:\/\/gerardoduque.com.mx\/?p=31654"},"modified":"2024-11-24T19:24:10","modified_gmt":"2024-11-25T01:24:10","slug":"se-ostenta-como-medico-en-rioverde-opera-con-cedulas-apocrifas","status":"publish","type":"post","link":"https:\/\/gerardoduque.com.mx\/?p=31654","title":{"rendered":"SE OSTENTA COMO M\u00c9DICO EN RIOVERDE; OPERA CON C\u00c9DULAS AP\u00d3CRIFAS"},"content":{"rendered":"\n<p>A trav\u00e9s de redes sociales Enrique Pascual Beltr\u00e1n Alanis se ostenta como m\u00e9dico con especialidad en dermatolog\u00eda y medicina est\u00e9tica.<\/p>\n\n\n\n<p>La Comisi\u00f3n Estatal para Protecci\u00f3n Contra Riesgos Sanitarios y los Servicios de Salud de San Luis Potos\u00ed no han emitido p\u00fablicamente un posicionamiento oficial al respecto.<\/p>\n\n\n\n<p>El sujeto de veintisiete a\u00f1os de edad opera dentro de la \u201cCl\u00ednica Koslov Derma\u201d que est\u00e1 habilitada dentro de un domicilio ubicado en la calle Sierra Gorda -en el sector Puente del Carmen- en el municipio de Rioverde, en la zona Media de la entidad.<\/p>\n\n\n\n<p>En diversas entrevistas publicadas a trav\u00e9s de redes sociales el individuo afirma haber estudiado la carrera de Medicina en la Universidad del Valle de M\u00e9xico.<\/p>\n\n\n\n<p>Enrique Pascual Beltr\u00e1n Alanis asegura que inici\u00f3 su preparaci\u00f3n profesional a la edad de quince a\u00f1os, y tambi\u00e9n refiere que curs\u00f3 varios estudios en Estados Unidos.<\/p>\n\n\n\n<p>Los primeros indicios sobre los presuntos enga\u00f1os de Enrique Pascual Beltr\u00e1n Alanis fueron denunciados a trav\u00e9s de la cuenta de X (@CharlatanesMed), la misma que exhibi\u00f3 a Marilyn Cote, quien se hac\u00eda pasar como psiquiatra en el estado de Puebla.<\/p>\n\n\n\n<p>En las recetas que expide, Enrique Pascual Beltr\u00e1n Alanis ostenta tres supuestas c\u00e9dulas profesionales.<\/p>\n\n\n\n<p>Los tres n\u00fameros fueron consultados en la plataforma p\u00fablica digital del Registro Nacional de Profesiones.<\/p>\n\n\n\n<p>Al ingresar el 170003716 el sistema precisa que \u201cno se encontr\u00f3 informaci\u00f3n para el n\u00famero de c\u00e9dula especificado\u201d<\/p>\n\n\n\n<p>En tanto, la c\u00e9dula 2314904 fue expedida en el a\u00f1o de 1996 a un Licenciado en Contadur\u00eda P\u00fablica.<\/p>\n\n\n\n<p>El tercero de los n\u00fameros (030836) no puede ser rastreado por el Sistema debido a que faltan d\u00edgitos.<\/p>\n\n\n\n<p>Al realizar una b\u00fasqueda detallada ingresando el nombre completo de Enrique Pascual Beltr\u00e1n Alanis, la plataforma del Registro Nacional de Profesiones exhibe el mensaje: \u201cno se encontr\u00f3 informaci\u00f3n para los criterios de b\u00fasqueda especificado\u201d<\/p>\n\n\n\n<p><strong>FUE CANDIDATO A DIPUTADO EN 2021<\/strong><\/p>\n\n\n\n<p>En el a\u00f1o 2021, Enrique Pascual Beltr\u00e1n Alanis se registr\u00f3 ante el Consejo Estatal Electoral y de Participaci\u00f3n Ciudadana. Abanderado por el Partido Encuentro Solidario busc\u00f3 convertirse en Diputado local por el D\u00e9cimo Distrito Electoral, pero no obtuvo los votos necesarios para ser legislador.<\/p>\n","protected":false},"excerpt":{"rendered":"<p>Tambi\u00e9n fue candidato a diputado por el PES <\/p>\n","protected":false},"author":4,"featured_media":31655,"comment_status":"closed","ping_status":"closed","sticky":false,"template":"","format":"standard","meta":{"_et_pb_use_builder":"off","_et_pb_old_content":"","_et_gb_content_width":"","footnotes":""},"categories":[412,62],"tags":[],"class_list":["post-31654","post","type-post","status-publish","format-standard","has-post-thumbnail","hentry","category-destacado","category-redaccion"],"_links":{"self":[{"href":"https:\/\/gerardoduque.com.mx\/index.php?rest_route=\/wp\/v2\/posts\/31654","targetHints":{"allow":["GET"]}}],"collection":[{"href":"https:\/\/gerardoduque.com.mx\/index.php?rest_route=\/wp\/v2\/posts"}],"about":[{"href":"https:\/\/gerardoduque.com.mx\/index.php?rest_route=\/wp\/v2\/types\/post"}],"author":[{"embeddable":true,"href":"https:\/\/gerardoduque.com.mx\/index.php?rest_route=\/wp\/v2\/users\/4"}],"replies":[{"embeddable":true,"href":"https:\/\/gerardoduque.com.mx\/index.php?rest_route=%2Fwp%2Fv2%2Fcomments&post=31654"}],"version-history":[{"count":0,"href":"https:\/\/gerardoduque.com.mx\/index.php?rest_route=\/wp\/v2\/posts\/31654\/revisions"}],"wp:featuredmedia":[{"embeddable":true,"href":"https:\/\/gerardoduque.com.mx\/index.php?rest_route=\/wp\/v2\/media\/31655"}],"wp:attachment":[{"href":"https:\/\/gerardoduque.com.mx\/index.php?rest_route=%2Fwp%2Fv2%2Fmedia&parent=31654"}],"wp:term":[{"taxonomy":"category","embeddable":true,"href":"https:\/\/gerardoduque.com.mx\/index.php?rest_route=%2Fwp%2Fv2%2Fcategories&post=31654"},{"taxonomy":"post_tag","embeddable":true,"href":"https:\/\/gerardoduque.com.mx\/index.php?rest_route=%2Fwp%2Fv2%2Ftags&post=31654"}],"curies":[{"name":"wp","href":"https:\/\/api.w.org\/{rel}","templated":true}]}}