{"id":31591,"date":"2024-11-22T07:00:01","date_gmt":"2024-11-22T13:00:01","guid":{"rendered":"https:\/\/gerardoduque.com.mx\/?p=31591"},"modified":"2024-11-22T07:00:06","modified_gmt":"2024-11-22T13:00:06","slug":"especialistas-vitivinicolas-analizan-mezcales-potosino","status":"publish","type":"post","link":"https:\/\/gerardoduque.com.mx\/?p=31591","title":{"rendered":"ESPECIALISTAS VITIVIN\u00cdCOLAS ANALIZAN MEZCALES POTOSINO"},"content":{"rendered":"\n<p>San Luis Potos\u00ed se consolida como el epicentro de la cultura vitivin\u00edcola durante la Selecci\u00f3n M\u00e9xico del Concurso Mundial de Bruselas, un evento de relevancia internacional que re\u00fane a 35 jurados especializados provenientes de 10 pa\u00edses, quienes profundizaron en la producci\u00f3n de los ic\u00f3nicos mezcales potosinos.<\/p>\n\n\n\n<p>La primera escala fue en Ahualulco, cuna del mezcal \u201cJ\u00farame\u201d, elaborado con m\u00e9todos artesanales de cocci\u00f3n en horno de piedra, molienda y fermentaci\u00f3n natural, donde los expertos pudieron degustar sus notas distintivas.<\/p>\n\n\n\n<p>Por la tarde, en la delegaci\u00f3n de Bocas exploraron las instalaciones de la f\u00e1brica \u201cPatat\u00fas\u201d, donde fueron testigos de cada etapa del proceso de producci\u00f3n, desde la selecci\u00f3n de los agaves maduros hasta la destilaci\u00f3n en alambiques de cobre que permiti\u00f3 apreciar c\u00f3mo la integraci\u00f3n de t\u00e9cnicas tradicionales y pr\u00e1cticas sostenibles otorgan a este mezcal su car\u00e1cter distintivo.<\/p>\n\n\n\n<p>El evento resalt\u00f3 la riqueza de la industria mezcalera de San Luis Potos\u00ed y su capacidad para posicionarse en los mercados internacionales y confirm\u00f3 que el concurso \u201cM\u00e9xico Selection by CMB\u201d se erige como una plataforma vital para elevar la percepci\u00f3n de los destilados nacionales y conectar a los productores locales con el mundo.<\/p>\n","protected":false},"excerpt":{"rendered":"<p>El Concurso Mundial de Bruselas resalta la riqueza de la industria mezcalera de San Luis Potos\u00ed.<\/p>\n","protected":false},"author":4,"featured_media":31592,"comment_status":"closed","ping_status":"closed","sticky":false,"template":"","format":"standard","meta":{"_et_pb_use_builder":"off","_et_pb_old_content":"","_et_gb_content_width":"","footnotes":""},"categories":[280],"tags":[72,66,316],"class_list":["post-31591","post","type-post","status-publish","format-standard","has-post-thumbnail","hentry","category-gob-slp","tag-gobierno-del-estado","tag-san-luis-potosi","tag-sectur"],"_links":{"self":[{"href":"https:\/\/gerardoduque.com.mx\/index.php?rest_route=\/wp\/v2\/posts\/31591","targetHints":{"allow":["GET"]}}],"collection":[{"href":"https:\/\/gerardoduque.com.mx\/index.php?rest_route=\/wp\/v2\/posts"}],"about":[{"href":"https:\/\/gerardoduque.com.mx\/index.php?rest_route=\/wp\/v2\/types\/post"}],"author":[{"embeddable":true,"href":"https:\/\/gerardoduque.com.mx\/index.php?rest_route=\/wp\/v2\/users\/4"}],"replies":[{"embeddable":true,"href":"https:\/\/gerardoduque.com.mx\/index.php?rest_route=%2Fwp%2Fv2%2Fcomments&post=31591"}],"version-history":[{"count":0,"href":"https:\/\/gerardoduque.com.mx\/index.php?rest_route=\/wp\/v2\/posts\/31591\/revisions"}],"wp:featuredmedia":[{"embeddable":true,"href":"https:\/\/gerardoduque.com.mx\/index.php?rest_route=\/wp\/v2\/media\/31592"}],"wp:attachment":[{"href":"https:\/\/gerardoduque.com.mx\/index.php?rest_route=%2Fwp%2Fv2%2Fmedia&parent=31591"}],"wp:term":[{"taxonomy":"category","embeddable":true,"href":"https:\/\/gerardoduque.com.mx\/index.php?rest_route=%2Fwp%2Fv2%2Fcategories&post=31591"},{"taxonomy":"post_tag","embeddable":true,"href":"https:\/\/gerardoduque.com.mx\/index.php?rest_route=%2Fwp%2Fv2%2Ftags&post=31591"}],"curies":[{"name":"wp","href":"https:\/\/api.w.org\/{rel}","templated":true}]}}