{"id":31581,"date":"2024-11-21T15:41:17","date_gmt":"2024-11-21T21:41:17","guid":{"rendered":"https:\/\/gerardoduque.com.mx\/?p=31581"},"modified":"2024-11-21T15:41:21","modified_gmt":"2024-11-21T21:41:21","slug":"brindan-apoyo-a-personas-en-situacion-vulnerable-ante-bajas-temperaturas","status":"publish","type":"post","link":"https:\/\/gerardoduque.com.mx\/?p=31581","title":{"rendered":"BRINDAN APOYO A PERSONAS EN SITUACI\u00d3N VULNERABLE ANTE BAJAS TEMPERATURAS"},"content":{"rendered":"\n<p>En apoyo a la poblaci\u00f3n m\u00e1s vulnerable de las cuatro regiones, la Coordinaci\u00f3n Estatal de Protecci\u00f3n Civil fortalecer\u00e1 la vigilancia para detectar a personas en situaci\u00f3n de calle, debido a las bajas temperaturas que presentar\u00e1 San Luis Potos\u00ed por el frente fr\u00edo n\u00famero 10 que estar\u00e1 acompa\u00f1ado de una masa de aire \u00e1rtico.<\/p>\n\n\n\n<p>La dependencia estatal realiza rondines para detectar a personas en situaci\u00f3n de calle para llevarlas a los refugios temporales instalados en los 59 municipios, ya que hay pron\u00f3sticos de hasta dos grados cent\u00edgrados en sierras y partes altas del Altiplano y regi\u00f3n Centro, as\u00ed como heladas para los pr\u00f3ximos d\u00edas.<\/p>\n\n\n\n<p>Para esta temporada invernal hay pronosticados 48 frentes fr\u00edos, con 10 registrados hasta el momento y seis fen\u00f3menos de este tipo en noviembre.<\/p>\n","protected":false},"excerpt":{"rendered":"<p>Protecci\u00f3n Civil Estatal realiza rondines para atender a personas en situaci\u00f3n de calle y llevarlas a los refugios.<\/p>\n","protected":false},"author":4,"featured_media":31582,"comment_status":"closed","ping_status":"closed","sticky":false,"template":"","format":"standard","meta":{"_et_pb_use_builder":"off","_et_pb_old_content":"","_et_gb_content_width":"","footnotes":""},"categories":[280],"tags":[190,72,66],"class_list":["post-31581","post","type-post","status-publish","format-standard","has-post-thumbnail","hentry","category-gob-slp","tag-cepc","tag-gobierno-del-estado","tag-san-luis-potosi"],"_links":{"self":[{"href":"https:\/\/gerardoduque.com.mx\/index.php?rest_route=\/wp\/v2\/posts\/31581","targetHints":{"allow":["GET"]}}],"collection":[{"href":"https:\/\/gerardoduque.com.mx\/index.php?rest_route=\/wp\/v2\/posts"}],"about":[{"href":"https:\/\/gerardoduque.com.mx\/index.php?rest_route=\/wp\/v2\/types\/post"}],"author":[{"embeddable":true,"href":"https:\/\/gerardoduque.com.mx\/index.php?rest_route=\/wp\/v2\/users\/4"}],"replies":[{"embeddable":true,"href":"https:\/\/gerardoduque.com.mx\/index.php?rest_route=%2Fwp%2Fv2%2Fcomments&post=31581"}],"version-history":[{"count":0,"href":"https:\/\/gerardoduque.com.mx\/index.php?rest_route=\/wp\/v2\/posts\/31581\/revisions"}],"wp:featuredmedia":[{"embeddable":true,"href":"https:\/\/gerardoduque.com.mx\/index.php?rest_route=\/wp\/v2\/media\/31582"}],"wp:attachment":[{"href":"https:\/\/gerardoduque.com.mx\/index.php?rest_route=%2Fwp%2Fv2%2Fmedia&parent=31581"}],"wp:term":[{"taxonomy":"category","embeddable":true,"href":"https:\/\/gerardoduque.com.mx\/index.php?rest_route=%2Fwp%2Fv2%2Fcategories&post=31581"},{"taxonomy":"post_tag","embeddable":true,"href":"https:\/\/gerardoduque.com.mx\/index.php?rest_route=%2Fwp%2Fv2%2Ftags&post=31581"}],"curies":[{"name":"wp","href":"https:\/\/api.w.org\/{rel}","templated":true}]}}