{"id":31576,"date":"2024-11-21T15:22:13","date_gmt":"2024-11-21T21:22:13","guid":{"rendered":"https:\/\/gerardoduque.com.mx\/?p=31576"},"modified":"2024-11-21T15:22:17","modified_gmt":"2024-11-21T21:22:17","slug":"continuan-con-proceso-de-federalizacion-de-la-nomina-de-telesecundarias","status":"publish","type":"post","link":"https:\/\/gerardoduque.com.mx\/?p=31576","title":{"rendered":"CONTIN\u00daAN CON PROCESO DE FEDERALIZACI\u00d3N DE LA N\u00d3MINA DE TELESECUNDARIAS"},"content":{"rendered":"\n<p>Las Secretar\u00eda de Finanzas y de Educaci\u00f3n del Gobierno del Estado sostuvieron una reuni\u00f3n de trabajo con la Secretar\u00eda de Educaci\u00f3n P\u00fablica del Gobierno Federal, donde abordaron la federalizaci\u00f3n de la n\u00f3mina de las Telesecundarias, un proceso que busca garantizar el pago directo a los maestros, ya que actualmente San Luis Potos\u00ed de los \u00fanicos Estados que no cuentan con dicha modalidad.<\/p>\n\n\n\n<p>La titular de la Sefin y de SEGE se reunieron con el titular de la SEP, para atender este conflicto heredado, donde dieron a conocer que el monto destinado al pago de la n\u00f3mina asciende a mil 900 millones de pesos, que representan el 100 por ciento de los recursos para cubrir los salarios de los docentes de Telesecundarias.<\/p>\n\n\n\n<p>Actualmente la Federaci\u00f3n traslada los recursos al Gobierno Estatal, que los distribuye a los maestros; sin embargo, cuando estos fondos no llegan, el Estado debe recurrir a pr\u00e9stamos temporales para poder cubrir los salarios, por lo que la federalizaci\u00f3n, busca que haya un pago directo, garantizando que los recursos lleguen de manera oportuna, sin depender de la gesti\u00f3n estatal, lo que agilizar\u00e1 el proceso y asegurar\u00e1 la estabilidad financiera en la administraci\u00f3n de los recursos destinados al magisterio de Telesecundarias.<\/p>\n","protected":false},"excerpt":{"rendered":"<p>Se dio a conocer que el monto destinado al pago de la n\u00f3mina asciende a mil 900 millones de pesos.<\/p>\n","protected":false},"author":4,"featured_media":22208,"comment_status":"closed","ping_status":"closed","sticky":false,"template":"","format":"standard","meta":{"_et_pb_use_builder":"off","_et_pb_old_content":"","_et_gb_content_width":"","footnotes":""},"categories":[280],"tags":[72,66,132,196],"class_list":["post-31576","post","type-post","status-publish","format-standard","has-post-thumbnail","hentry","category-gob-slp","tag-gobierno-del-estado","tag-san-luis-potosi","tag-sefin","tag-sege"],"_links":{"self":[{"href":"https:\/\/gerardoduque.com.mx\/index.php?rest_route=\/wp\/v2\/posts\/31576","targetHints":{"allow":["GET"]}}],"collection":[{"href":"https:\/\/gerardoduque.com.mx\/index.php?rest_route=\/wp\/v2\/posts"}],"about":[{"href":"https:\/\/gerardoduque.com.mx\/index.php?rest_route=\/wp\/v2\/types\/post"}],"author":[{"embeddable":true,"href":"https:\/\/gerardoduque.com.mx\/index.php?rest_route=\/wp\/v2\/users\/4"}],"replies":[{"embeddable":true,"href":"https:\/\/gerardoduque.com.mx\/index.php?rest_route=%2Fwp%2Fv2%2Fcomments&post=31576"}],"version-history":[{"count":0,"href":"https:\/\/gerardoduque.com.mx\/index.php?rest_route=\/wp\/v2\/posts\/31576\/revisions"}],"wp:featuredmedia":[{"embeddable":true,"href":"https:\/\/gerardoduque.com.mx\/index.php?rest_route=\/wp\/v2\/media\/22208"}],"wp:attachment":[{"href":"https:\/\/gerardoduque.com.mx\/index.php?rest_route=%2Fwp%2Fv2%2Fmedia&parent=31576"}],"wp:term":[{"taxonomy":"category","embeddable":true,"href":"https:\/\/gerardoduque.com.mx\/index.php?rest_route=%2Fwp%2Fv2%2Fcategories&post=31576"},{"taxonomy":"post_tag","embeddable":true,"href":"https:\/\/gerardoduque.com.mx\/index.php?rest_route=%2Fwp%2Fv2%2Ftags&post=31576"}],"curies":[{"name":"wp","href":"https:\/\/api.w.org\/{rel}","templated":true}]}}