{"id":31568,"date":"2024-11-21T05:59:51","date_gmt":"2024-11-21T11:59:51","guid":{"rendered":"https:\/\/gerardoduque.com.mx\/?p=31568"},"modified":"2024-11-21T05:59:54","modified_gmt":"2024-11-21T11:59:54","slug":"fue-realizado-desfile-conmemorativo-de-la-revolucion","status":"publish","type":"post","link":"https:\/\/gerardoduque.com.mx\/?p=31568","title":{"rendered":"FUE REALIZADO DESFILE CONMEMORATIVO DE LA REVOLUCI\u00d3N"},"content":{"rendered":"\n<p>Este mi\u00e9rcoles, se llev\u00f3 a cabo el desfile c\u00edvico-deportivo conmemorativo del 114 aniversario del inicio de la Revoluci\u00f3n Mexicana, donde participaron cientos de potosinos pertenecientes a diferentes cuerpos de seguridad y militares, planteles educativos, deportistas y charros, que marcharon por la emblem\u00e1tica avenida Venustiano Carranza, en un ambiente festivo y patri\u00f3tico.<\/p>\n\n\n\n<p>En punto de las 10:30 horas, se dio el banderazo de salida al desfile conmemorativo, en la intersecci\u00f3n de Carranza y Uresti, acompa\u00f1ado de representantes de los poderes Legislativo y Judicial y otras autoridades, y salud\u00f3 a los contingentes que continuaban su marcha, entre toque militares, bandas y m\u00fasica mexicana, hasta el museo Francisco Coss\u00edo.<\/p>\n\n\n\n<p>Cientos de familias, ni\u00f1as, ni\u00f1os, j\u00f3venes y adultos mayores disfrutaron de la festividad, al admirar carros aleg\u00f3ricos, adelitas y soldaderas, infantes vestidos de revolucionarios, docentes, bandas de guerra, grupos folkl\u00f3ricos de baile, tablas gimn\u00e1sticas y r\u00edtmicas, y veh\u00edculos operativos de cuerpos de seguridad, entre la alegr\u00eda y el sentimiento de orgullo por los valores patrios: la bandera, el escudo y el himno nacional, as\u00ed como el respeto por las hero\u00ednas y los h\u00e9roes revolucionarios, para reforzar el sentido de pertenencia a nuestra naci\u00f3n y consolidar nuestra identidad como M\u00e9xico.<\/p>\n\n\n\n<p>El despliegue del desfile incluy\u00f3 motociclistas de los cuerpos de seguridad estatal y municipal de la capital, agrupamientos de planteles educativos de la Secretar\u00eda de Educaci\u00f3n del gobierno del Estado (SEGE), el Sistema Educativo Estatal Regular (SEER), el Pentatl\u00f3n Deportivo Universitario, las y los medallistas ol\u00edmpicos y de Comisi\u00f3n Nacional del Deporte (Conade), como F\u00e1tima Herrera y Jorge Iga, y representantes de diferentes disciplinas deportivas, artistas y j\u00f3venes destacados, un agrupamiento del Ej\u00e9rcito Mexicano, la Guardia Nacional, Guardia Civil Estatal, Defensas Rurales y charros.<\/p>\n","protected":false},"excerpt":{"rendered":"<p>Participaron carros aleg\u00f3ricos, adelitas y soldaderas, infantes vestidos de revolucionarios, docentes, bandas de guerra, grupos folkl\u00f3ricos de baile, tablas gimn\u00e1sticas y r\u00edtmicas, y veh\u00edculos operativos <\/p>\n","protected":false},"author":4,"featured_media":31569,"comment_status":"closed","ping_status":"closed","sticky":false,"template":"","format":"standard","meta":{"_et_pb_use_builder":"off","_et_pb_old_content":"","_et_gb_content_width":"","footnotes":""},"categories":[280],"tags":[72,66],"class_list":["post-31568","post","type-post","status-publish","format-standard","has-post-thumbnail","hentry","category-gob-slp","tag-gobierno-del-estado","tag-san-luis-potosi"],"_links":{"self":[{"href":"https:\/\/gerardoduque.com.mx\/index.php?rest_route=\/wp\/v2\/posts\/31568","targetHints":{"allow":["GET"]}}],"collection":[{"href":"https:\/\/gerardoduque.com.mx\/index.php?rest_route=\/wp\/v2\/posts"}],"about":[{"href":"https:\/\/gerardoduque.com.mx\/index.php?rest_route=\/wp\/v2\/types\/post"}],"author":[{"embeddable":true,"href":"https:\/\/gerardoduque.com.mx\/index.php?rest_route=\/wp\/v2\/users\/4"}],"replies":[{"embeddable":true,"href":"https:\/\/gerardoduque.com.mx\/index.php?rest_route=%2Fwp%2Fv2%2Fcomments&post=31568"}],"version-history":[{"count":0,"href":"https:\/\/gerardoduque.com.mx\/index.php?rest_route=\/wp\/v2\/posts\/31568\/revisions"}],"wp:featuredmedia":[{"embeddable":true,"href":"https:\/\/gerardoduque.com.mx\/index.php?rest_route=\/wp\/v2\/media\/31569"}],"wp:attachment":[{"href":"https:\/\/gerardoduque.com.mx\/index.php?rest_route=%2Fwp%2Fv2%2Fmedia&parent=31568"}],"wp:term":[{"taxonomy":"category","embeddable":true,"href":"https:\/\/gerardoduque.com.mx\/index.php?rest_route=%2Fwp%2Fv2%2Fcategories&post=31568"},{"taxonomy":"post_tag","embeddable":true,"href":"https:\/\/gerardoduque.com.mx\/index.php?rest_route=%2Fwp%2Fv2%2Ftags&post=31568"}],"curies":[{"name":"wp","href":"https:\/\/api.w.org\/{rel}","templated":true}]}}