{"id":31565,"date":"2024-11-21T05:44:58","date_gmt":"2024-11-21T11:44:58","guid":{"rendered":"https:\/\/gerardoduque.com.mx\/?p=31565"},"modified":"2024-11-21T05:45:01","modified_gmt":"2024-11-21T11:45:01","slug":"buscaran-acreditar-a-centros-penitenciarios-con-estandar-internacional","status":"publish","type":"post","link":"https:\/\/gerardoduque.com.mx\/?p=31565","title":{"rendered":"BUSCAR\u00c1N ACREDITAR A CENTROS PENITENCIARIOS CON EST\u00c1NDAR INTERNACIONAL"},"content":{"rendered":"\n<p>La Secretar\u00eda de Seguridad y Protecci\u00f3n Ciudadana del Estado recibi\u00f3 a la asesora de la Oficina Asuntos Internacionales de Narc\u00f3ticos y Ejecuci\u00f3n de la Ley (INL, por sus siglas en ingl\u00e9s) de la Embajada de Estados Unidos en M\u00e9xico, Sarah\u00ed Estrada Mart\u00ednez, para verificar el cumplimiento de los est\u00e1ndares de acreditaci\u00f3n de vida digna en un centro de reclusi\u00f3n, esto como parte del avance de la certificaci\u00f3n y recertificaci\u00f3n de los cinco centros penitenciarios de San Luis Potos\u00ed.<\/p>\n\n\n\n<p>En la visita, la funcionaria constat\u00f3 el modelo de la pol\u00edtica de reinserci\u00f3n social de San Luis Potos\u00ed, estrictamente apegado a los est\u00e1ndares locales, nacionales e internacionales para un trato digno de las Personas Privadas de la Libertad como seguridad, disciplina, limpieza y orden, por lo que el Centro de Reinserci\u00f3n Social de Ciudad Valles se reporta listo para iniciar el Proceso de Recertificaci\u00f3n ante la Asociaci\u00f3n de Correccionales de Am\u00e9rica.<\/p>\n\n\n\n<p>La visita forma parte de los requisitos del Proceso de Recertificaci\u00f3n qu\u00e9 estar\u00e1 llevando a cabo la ACA en el Centro Penitenciario de Ciudad Valles, lo que es garant\u00eda de la dignificaci\u00f3n en el proceso de reintegraci\u00f3n y con lo que la Secretar\u00eda de Seguridad refrenda su compromiso con la sociedad, la poblaci\u00f3n privada de su libertad y sus familias, de implementar un modelo de reinserci\u00f3n integral, cumpliendo con los ejes rectores para una vida digna al interior y al reintegrarse a la comunidad.<\/p>\n\n\n\n<p>Actualmente, los centros de reinserci\u00f3n de Ciudad Valles y Rioverde est\u00e1n acreditados internacionalmente y se estima que al concluir la presente administraci\u00f3n todos cuenten con el aval de la ACA.<\/p>\n","protected":false},"excerpt":{"rendered":"<p>Se verifica el cumplimiento de los est\u00e1ndares de acreditaci\u00f3n de vida digna en un centro de reclusi\u00f3n.<\/p>\n","protected":false},"author":4,"featured_media":31566,"comment_status":"closed","ping_status":"closed","sticky":false,"template":"","format":"standard","meta":{"_et_pb_use_builder":"off","_et_pb_old_content":"","_et_gb_content_width":"","footnotes":""},"categories":[280],"tags":[72,66,431],"class_list":["post-31565","post","type-post","status-publish","format-standard","has-post-thumbnail","hentry","category-gob-slp","tag-gobierno-del-estado","tag-san-luis-potosi","tag-sspce"],"_links":{"self":[{"href":"https:\/\/gerardoduque.com.mx\/index.php?rest_route=\/wp\/v2\/posts\/31565","targetHints":{"allow":["GET"]}}],"collection":[{"href":"https:\/\/gerardoduque.com.mx\/index.php?rest_route=\/wp\/v2\/posts"}],"about":[{"href":"https:\/\/gerardoduque.com.mx\/index.php?rest_route=\/wp\/v2\/types\/post"}],"author":[{"embeddable":true,"href":"https:\/\/gerardoduque.com.mx\/index.php?rest_route=\/wp\/v2\/users\/4"}],"replies":[{"embeddable":true,"href":"https:\/\/gerardoduque.com.mx\/index.php?rest_route=%2Fwp%2Fv2%2Fcomments&post=31565"}],"version-history":[{"count":0,"href":"https:\/\/gerardoduque.com.mx\/index.php?rest_route=\/wp\/v2\/posts\/31565\/revisions"}],"wp:featuredmedia":[{"embeddable":true,"href":"https:\/\/gerardoduque.com.mx\/index.php?rest_route=\/wp\/v2\/media\/31566"}],"wp:attachment":[{"href":"https:\/\/gerardoduque.com.mx\/index.php?rest_route=%2Fwp%2Fv2%2Fmedia&parent=31565"}],"wp:term":[{"taxonomy":"category","embeddable":true,"href":"https:\/\/gerardoduque.com.mx\/index.php?rest_route=%2Fwp%2Fv2%2Fcategories&post=31565"},{"taxonomy":"post_tag","embeddable":true,"href":"https:\/\/gerardoduque.com.mx\/index.php?rest_route=%2Fwp%2Fv2%2Ftags&post=31565"}],"curies":[{"name":"wp","href":"https:\/\/api.w.org\/{rel}","templated":true}]}}