{"id":31558,"date":"2024-11-20T12:30:40","date_gmt":"2024-11-20T18:30:40","guid":{"rendered":"https:\/\/gerardoduque.com.mx\/?p=31558"},"modified":"2024-11-20T12:30:43","modified_gmt":"2024-11-20T18:30:43","slug":"recibe-slp-a-los-jurados-internacionales-del-concurso-de-bruselas","status":"publish","type":"post","link":"https:\/\/gerardoduque.com.mx\/?p=31558","title":{"rendered":"RECIBE SLP A LOS JURADOS INTERNACIONALES DEL CONCURSO DE BRUSELAS"},"content":{"rendered":"\n<p>Como parte de las actividades de la octava edici\u00f3n del M\u00e9xico Selection del Concurso Mundial de Bruselas, destacados en\u00f3logos nacionales e internacionales iniciaron con un ciclo de ponencias magistrales para compartir conocimientos y experiencias de alto nivel con los productores, en\u00f3logos y distribuidores mexicanos, fortaleciendo las capacidades de la industria nacional y su proyecci\u00f3n global.<\/p>\n\n\n\n<p>En el Teatro de la Paz, los en\u00f3logos nacionales e internacionales se re\u00fanen para evaluar, promover y celebrar la excelencia de los vinos y destilados de M\u00e9xico, resaltando la calidad de los productos mexicanos, y colocando a San Luis Potos\u00ed como un destino clave en la promoci\u00f3n del sector vitivin\u00edcola y la riqueza cultural del pa\u00eds.<\/p>\n\n\n\n<p>Este concurso, es un escaparate \u00fanico para la promoci\u00f3n de los vinos y destilados de M\u00e9xico, y como una plataforma para fortalecer las relaciones entre los actores clave de esta industria, reafirmando el papel de San Luis Potos\u00ed como epicentro de la innovaci\u00f3n y la excelencia en el sector vitivin\u00edcola.<\/p>\n","protected":false},"excerpt":{"rendered":"<p>Iniciaron ponencias impartidas por reconocidos expertos internacionales del gremio vitivin\u00edcola en el Teatro de la Paz.<\/p>\n","protected":false},"author":4,"featured_media":31559,"comment_status":"closed","ping_status":"closed","sticky":false,"template":"","format":"standard","meta":{"_et_pb_use_builder":"off","_et_pb_old_content":"","_et_gb_content_width":"","footnotes":""},"categories":[280],"tags":[72,66,316],"class_list":["post-31558","post","type-post","status-publish","format-standard","has-post-thumbnail","hentry","category-gob-slp","tag-gobierno-del-estado","tag-san-luis-potosi","tag-sectur"],"_links":{"self":[{"href":"https:\/\/gerardoduque.com.mx\/index.php?rest_route=\/wp\/v2\/posts\/31558","targetHints":{"allow":["GET"]}}],"collection":[{"href":"https:\/\/gerardoduque.com.mx\/index.php?rest_route=\/wp\/v2\/posts"}],"about":[{"href":"https:\/\/gerardoduque.com.mx\/index.php?rest_route=\/wp\/v2\/types\/post"}],"author":[{"embeddable":true,"href":"https:\/\/gerardoduque.com.mx\/index.php?rest_route=\/wp\/v2\/users\/4"}],"replies":[{"embeddable":true,"href":"https:\/\/gerardoduque.com.mx\/index.php?rest_route=%2Fwp%2Fv2%2Fcomments&post=31558"}],"version-history":[{"count":0,"href":"https:\/\/gerardoduque.com.mx\/index.php?rest_route=\/wp\/v2\/posts\/31558\/revisions"}],"wp:featuredmedia":[{"embeddable":true,"href":"https:\/\/gerardoduque.com.mx\/index.php?rest_route=\/wp\/v2\/media\/31559"}],"wp:attachment":[{"href":"https:\/\/gerardoduque.com.mx\/index.php?rest_route=%2Fwp%2Fv2%2Fmedia&parent=31558"}],"wp:term":[{"taxonomy":"category","embeddable":true,"href":"https:\/\/gerardoduque.com.mx\/index.php?rest_route=%2Fwp%2Fv2%2Fcategories&post=31558"},{"taxonomy":"post_tag","embeddable":true,"href":"https:\/\/gerardoduque.com.mx\/index.php?rest_route=%2Fwp%2Fv2%2Ftags&post=31558"}],"curies":[{"name":"wp","href":"https:\/\/api.w.org\/{rel}","templated":true}]}}