{"id":31555,"date":"2024-11-20T12:27:25","date_gmt":"2024-11-20T18:27:25","guid":{"rendered":"https:\/\/gerardoduque.com.mx\/?p=31555"},"modified":"2024-11-20T12:27:28","modified_gmt":"2024-11-20T18:27:28","slug":"inicia-construccion-de-secundaria-en-valle-de-la-palma-en-soledad","status":"publish","type":"post","link":"https:\/\/gerardoduque.com.mx\/?p=31555","title":{"rendered":"INICIA CONSTRUCCI\u00d3N DE SECUNDARIA EN VALLE DE LA PALMA, EN SOLEDAD"},"content":{"rendered":"\n<p>La construcci\u00f3n del plantel de la secundaria general de la colonia Valle de la Palma arranc\u00f3 este martes, con una inversi\u00f3n superior a siete millones de pesos, buscando brindar m\u00e1s apoyo a la juventud potosina la educaci\u00f3n b\u00e1sica en instalaciones dignas y de calidad para mejorar el futuro de los potosinos.<\/p>\n\n\n\n<p>El nuevo plantel secundaria general, ser\u00e1 construido con el programa Construcci\u00f3n de Escuelas Nuevas, y constar\u00e1 de un edificio con tres aulas, plaza c\u00edvica, direcci\u00f3n, sanitarios, bardeado perimetral, red el\u00e9ctrica exterior, fachada y obras complementarias.<\/p>\n\n\n\n<p>Gallardo Cardona agreg\u00f3 que en tres a\u00f1os ha logrado 400 nuevas escuelas, con una inversi\u00f3n aproximada de 800 millones de pesos por a\u00f1o, como una apuesta a la educaci\u00f3n y la mejor forma de abrir oportunidades alos j\u00f3venes y la base para el progreso de las futuras generaciones, para que formen parte del desarrollo econ\u00f3mico y social en las cuatro regiones.<\/p>\n","protected":false},"excerpt":{"rendered":"<p>El nuevo plantel constar\u00e1 de tres aulas, plaza c\u00edvica, direcci\u00f3n, sanitarios, bardeado perimetral, red el\u00e9ctrica exterior, fachada y obras complementarias.<\/p>\n","protected":false},"author":4,"featured_media":31556,"comment_status":"closed","ping_status":"closed","sticky":false,"template":"","format":"standard","meta":{"_et_pb_use_builder":"off","_et_pb_old_content":"","_et_gb_content_width":"","footnotes":""},"categories":[280],"tags":[72,66],"class_list":["post-31555","post","type-post","status-publish","format-standard","has-post-thumbnail","hentry","category-gob-slp","tag-gobierno-del-estado","tag-san-luis-potosi"],"_links":{"self":[{"href":"https:\/\/gerardoduque.com.mx\/index.php?rest_route=\/wp\/v2\/posts\/31555","targetHints":{"allow":["GET"]}}],"collection":[{"href":"https:\/\/gerardoduque.com.mx\/index.php?rest_route=\/wp\/v2\/posts"}],"about":[{"href":"https:\/\/gerardoduque.com.mx\/index.php?rest_route=\/wp\/v2\/types\/post"}],"author":[{"embeddable":true,"href":"https:\/\/gerardoduque.com.mx\/index.php?rest_route=\/wp\/v2\/users\/4"}],"replies":[{"embeddable":true,"href":"https:\/\/gerardoduque.com.mx\/index.php?rest_route=%2Fwp%2Fv2%2Fcomments&post=31555"}],"version-history":[{"count":0,"href":"https:\/\/gerardoduque.com.mx\/index.php?rest_route=\/wp\/v2\/posts\/31555\/revisions"}],"wp:featuredmedia":[{"embeddable":true,"href":"https:\/\/gerardoduque.com.mx\/index.php?rest_route=\/wp\/v2\/media\/31556"}],"wp:attachment":[{"href":"https:\/\/gerardoduque.com.mx\/index.php?rest_route=%2Fwp%2Fv2%2Fmedia&parent=31555"}],"wp:term":[{"taxonomy":"category","embeddable":true,"href":"https:\/\/gerardoduque.com.mx\/index.php?rest_route=%2Fwp%2Fv2%2Fcategories&post=31555"},{"taxonomy":"post_tag","embeddable":true,"href":"https:\/\/gerardoduque.com.mx\/index.php?rest_route=%2Fwp%2Fv2%2Ftags&post=31555"}],"curies":[{"name":"wp","href":"https:\/\/api.w.org\/{rel}","templated":true}]}}