{"id":31552,"date":"2024-11-20T12:20:51","date_gmt":"2024-11-20T18:20:51","guid":{"rendered":"https:\/\/gerardoduque.com.mx\/?p=31552"},"modified":"2024-11-20T12:20:54","modified_gmt":"2024-11-20T18:20:54","slug":"inicia-programa-de-actividades-por-el-25n-en-slp","status":"publish","type":"post","link":"https:\/\/gerardoduque.com.mx\/?p=31552","title":{"rendered":"INICIA PROGRAMA DE ACTIVIDADES POR EL #25N EN SLP"},"content":{"rendered":"\n<p>Para conmemorar el D\u00eda Internacional de la Eliminaci\u00f3n de la Violencia contra las Mujeres y las Ni\u00f1as #25N, que se conmemora el 25 de noviembre, el Gobierno del Estado a trav\u00e9s del Centro de Justicia para las Mujeres arranc\u00f3 un programa de actividades para generar conciencia sobre los tipos de violencia y el apoyo que brindan instituciones especializadas, que abonan a su erradicaci\u00f3n y eliminaci\u00f3n.<\/p>\n\n\n\n<p>La primera actividad del CJM, fue un Cine Debate con la pel\u00edcula \u201cCicatrices\u201d cuyo eje tem\u00e1tico fue la violencia de g\u00e9nero que sufren las mujeres, dando paso a un an\u00e1lisis y exposici\u00f3n sobre las aportaciones de cuatro especialistas quienes abordaron el tema desde el \u00e1mbito social, jur\u00eddico, preventivo y de acciones espec\u00edficas.<\/p>\n\n\n\n<p>La funcionaria agreg\u00f3 que dentro del programa preparado contempla 16 d\u00edas de activismo posteriores al #25N colaborando con el Alto Comisionado de las Naciones Unidas para los Refugiados (ACNUR) mediante jornadas de trabajo dirigidas a las y los servidores p\u00fablicos con lo que refuerza la labor por prevenir y erradicar la violencia contra las mujeres, sus hijas e hijos menores, as\u00ed como de impulsar su empoderamiento, autosuficiencia econ\u00f3mica y su bienestar personal y familiar.<\/p>\n","protected":false},"excerpt":{"rendered":"<p>Como parte de los 16 d\u00edas de activismo, realizar\u00e1n jornadas de trabajo dirigidas a los servidores p\u00fablicos<\/p>\n","protected":false},"author":4,"featured_media":31553,"comment_status":"closed","ping_status":"closed","sticky":false,"template":"","format":"standard","meta":{"_et_pb_use_builder":"off","_et_pb_old_content":"","_et_gb_content_width":"","footnotes":""},"categories":[280],"tags":[317,72,66],"class_list":["post-31552","post","type-post","status-publish","format-standard","has-post-thumbnail","hentry","category-gob-slp","tag-cjm","tag-gobierno-del-estado","tag-san-luis-potosi"],"_links":{"self":[{"href":"https:\/\/gerardoduque.com.mx\/index.php?rest_route=\/wp\/v2\/posts\/31552","targetHints":{"allow":["GET"]}}],"collection":[{"href":"https:\/\/gerardoduque.com.mx\/index.php?rest_route=\/wp\/v2\/posts"}],"about":[{"href":"https:\/\/gerardoduque.com.mx\/index.php?rest_route=\/wp\/v2\/types\/post"}],"author":[{"embeddable":true,"href":"https:\/\/gerardoduque.com.mx\/index.php?rest_route=\/wp\/v2\/users\/4"}],"replies":[{"embeddable":true,"href":"https:\/\/gerardoduque.com.mx\/index.php?rest_route=%2Fwp%2Fv2%2Fcomments&post=31552"}],"version-history":[{"count":0,"href":"https:\/\/gerardoduque.com.mx\/index.php?rest_route=\/wp\/v2\/posts\/31552\/revisions"}],"wp:featuredmedia":[{"embeddable":true,"href":"https:\/\/gerardoduque.com.mx\/index.php?rest_route=\/wp\/v2\/media\/31553"}],"wp:attachment":[{"href":"https:\/\/gerardoduque.com.mx\/index.php?rest_route=%2Fwp%2Fv2%2Fmedia&parent=31552"}],"wp:term":[{"taxonomy":"category","embeddable":true,"href":"https:\/\/gerardoduque.com.mx\/index.php?rest_route=%2Fwp%2Fv2%2Fcategories&post=31552"},{"taxonomy":"post_tag","embeddable":true,"href":"https:\/\/gerardoduque.com.mx\/index.php?rest_route=%2Fwp%2Fv2%2Ftags&post=31552"}],"curies":[{"name":"wp","href":"https:\/\/api.w.org\/{rel}","templated":true}]}}