{"id":31539,"date":"2024-11-19T14:32:59","date_gmt":"2024-11-19T20:32:59","guid":{"rendered":"https:\/\/gerardoduque.com.mx\/?p=31539"},"modified":"2024-11-19T14:33:03","modified_gmt":"2024-11-19T20:33:03","slug":"dan-medio-siglo-de-carcel-a-involucrados-en-secuestro-de-migrantes","status":"publish","type":"post","link":"https:\/\/gerardoduque.com.mx\/?p=31539","title":{"rendered":"DAN MEDIO SIGLO DE C\u00c1RCEL A INVOLUCRADOS EN SECUESTRO DE MIGRANTES"},"content":{"rendered":"\n<p>Erika \u201cN\u201d y Eleazar \u201cN\u201d fueron sentenciados a cincuenta a\u00f1os de prisi\u00f3n por estar involucrados en el secuestro de un grupo de migrantes en el municipio de Matehuala, inform\u00f3 la Fiscal\u00eda General del Estado.<\/p>\n\n\n\n<p>Fue en abril de 2021 cuando el consulado de El Salvador -con sede en la capital potosina- report\u00f3 a las autoridades que varias personas en tr\u00e1nsito (originarias de ese pa\u00eds) se hab\u00edan comunicado con sus familias, advirti\u00e9ndoles que estaban privados de su libertad.<\/p>\n\n\n\n<p>Los secuestradores exig\u00edan a las v\u00edctimas una fuerte suma de dinero para dejarlos en libertad.<\/p>\n\n\n\n<p>En coordinaci\u00f3n, elementos de seguridad federales y estatales lograron ubicar, cerca de la comunidad Los Pocitos, el sitio en donde doce personas centroamericanas estaban secuestradas.<\/p>\n\n\n\n<p>Se trataba de un lugar habilitado como restaurante, a un costado de la carretera federal 57, en el tramo de Matehuala a Saltillo. All\u00ed, fueron rescatados ocho adultos y cuatro menores.<\/p>\n\n\n\n<p>Las autoridades detuvieron en flagrancia a Eleazar de 44 a\u00f1os de edad (originario de Coahuila) y a Erika de 32 a\u00f1os (habitante de Cedral). Ambos fueron puestos a disposici\u00f3n del Ministerio P\u00fablico.<\/p>\n\n\n\n<p>A m\u00e1s de tres a\u00f1os de distancia, personal de la Unidad Especializada de Combate al Secuestro de la Fiscal\u00eda General del Estado de San Luis Potos\u00ed logr\u00f3 que un Juez dictara sentencia condenatoria para el hombre y la mujer detenidos. La autoridad judicial pronunci\u00f3 sentencia de cincuenta a\u00f1os de prisi\u00f3n ordinaria para ambos responsables, as\u00ed como pagos para la reparaci\u00f3n del da\u00f1o y sanci\u00f3n pecuniaria, respectivamente.<\/p>\n","protected":false},"excerpt":{"rendered":"<p>El secuestro masivo ocurri\u00f3 en Matehuala <\/p>\n","protected":false},"author":4,"featured_media":31540,"comment_status":"closed","ping_status":"closed","sticky":false,"template":"","format":"standard","meta":{"_et_pb_use_builder":"off","_et_pb_old_content":"","_et_gb_content_width":"","footnotes":""},"categories":[412,62],"tags":[],"class_list":["post-31539","post","type-post","status-publish","format-standard","has-post-thumbnail","hentry","category-destacado","category-redaccion"],"_links":{"self":[{"href":"https:\/\/gerardoduque.com.mx\/index.php?rest_route=\/wp\/v2\/posts\/31539","targetHints":{"allow":["GET"]}}],"collection":[{"href":"https:\/\/gerardoduque.com.mx\/index.php?rest_route=\/wp\/v2\/posts"}],"about":[{"href":"https:\/\/gerardoduque.com.mx\/index.php?rest_route=\/wp\/v2\/types\/post"}],"author":[{"embeddable":true,"href":"https:\/\/gerardoduque.com.mx\/index.php?rest_route=\/wp\/v2\/users\/4"}],"replies":[{"embeddable":true,"href":"https:\/\/gerardoduque.com.mx\/index.php?rest_route=%2Fwp%2Fv2%2Fcomments&post=31539"}],"version-history":[{"count":0,"href":"https:\/\/gerardoduque.com.mx\/index.php?rest_route=\/wp\/v2\/posts\/31539\/revisions"}],"wp:featuredmedia":[{"embeddable":true,"href":"https:\/\/gerardoduque.com.mx\/index.php?rest_route=\/wp\/v2\/media\/31540"}],"wp:attachment":[{"href":"https:\/\/gerardoduque.com.mx\/index.php?rest_route=%2Fwp%2Fv2%2Fmedia&parent=31539"}],"wp:term":[{"taxonomy":"category","embeddable":true,"href":"https:\/\/gerardoduque.com.mx\/index.php?rest_route=%2Fwp%2Fv2%2Fcategories&post=31539"},{"taxonomy":"post_tag","embeddable":true,"href":"https:\/\/gerardoduque.com.mx\/index.php?rest_route=%2Fwp%2Fv2%2Ftags&post=31539"}],"curies":[{"name":"wp","href":"https:\/\/api.w.org\/{rel}","templated":true}]}}