{"id":31521,"date":"2024-11-19T06:49:37","date_gmt":"2024-11-19T12:49:37","guid":{"rendered":"https:\/\/gerardoduque.com.mx\/?p=31521"},"modified":"2024-11-19T06:49:40","modified_gmt":"2024-11-19T12:49:40","slug":"entregan-rehabilitacion-de-avenida-kukulkan-en-la-capital-de-slp","status":"publish","type":"post","link":"https:\/\/gerardoduque.com.mx\/?p=31521","title":{"rendered":"ENTREGAN REHABILITACI\u00d3N DE AVENIDA KUKULK\u00c1N, EN LA CAPITAL DE SLP"},"content":{"rendered":"\n<p>M\u00e1s de 120 mil habitantes de la capital potosina, cuentan ahora con mejor movilidad y conectividad en el sector norte de la ciudad, luego de que este lunes el Gobernador Ricardo Gallardo Cardona entreg\u00f3 la rehabilitaci\u00f3n integral de la avenida Kukulk\u00e1n, sus siete retornos y 17 andadores peatonales, con una inversi\u00f3n superior a los 20 millones de pesos.<\/p>\n\n\n\n<p>La rehabilitaci\u00f3n abarca un kil\u00f3metro, desde Morales Saucito a calle Hueman, con la rehabilitaci\u00f3n de la carpeta asf\u00e1ltica para dar mayor seguridad vial, reducci\u00f3n en los tiempos de traslado y plusval\u00eda a las propiedades aleda\u00f1as.<\/p>\n\n\n\n<p>Mientras que los andadores peatonales se reconstruyeron con concreto estampado y se sustituyeron 325 metros lineales de l\u00ednea de drenaje y 120 de tuber\u00eda de agua potable, lo que garantiza mejores servicios b\u00e1sicos.<\/p>\n\n\n\n<p>Durante el evento, tambi\u00e9n se inici\u00f3 la entrega de paquetes del programa Seguridad Alimentaria, que llegar\u00e1 a m\u00e1s de mil familias del sector.<\/p>\n","protected":false},"excerpt":{"rendered":"<p>La rehabilitada v\u00eda generar\u00e1 mayor plusval\u00eda con mejores servicios b\u00e1sicos y mayor movilidad <\/p>\n","protected":false},"author":4,"featured_media":31522,"comment_status":"closed","ping_status":"closed","sticky":false,"template":"","format":"standard","meta":{"_et_pb_use_builder":"off","_et_pb_old_content":"","_et_gb_content_width":"","footnotes":""},"categories":[280],"tags":[72,66],"class_list":["post-31521","post","type-post","status-publish","format-standard","has-post-thumbnail","hentry","category-gob-slp","tag-gobierno-del-estado","tag-san-luis-potosi"],"_links":{"self":[{"href":"https:\/\/gerardoduque.com.mx\/index.php?rest_route=\/wp\/v2\/posts\/31521","targetHints":{"allow":["GET"]}}],"collection":[{"href":"https:\/\/gerardoduque.com.mx\/index.php?rest_route=\/wp\/v2\/posts"}],"about":[{"href":"https:\/\/gerardoduque.com.mx\/index.php?rest_route=\/wp\/v2\/types\/post"}],"author":[{"embeddable":true,"href":"https:\/\/gerardoduque.com.mx\/index.php?rest_route=\/wp\/v2\/users\/4"}],"replies":[{"embeddable":true,"href":"https:\/\/gerardoduque.com.mx\/index.php?rest_route=%2Fwp%2Fv2%2Fcomments&post=31521"}],"version-history":[{"count":0,"href":"https:\/\/gerardoduque.com.mx\/index.php?rest_route=\/wp\/v2\/posts\/31521\/revisions"}],"wp:featuredmedia":[{"embeddable":true,"href":"https:\/\/gerardoduque.com.mx\/index.php?rest_route=\/wp\/v2\/media\/31522"}],"wp:attachment":[{"href":"https:\/\/gerardoduque.com.mx\/index.php?rest_route=%2Fwp%2Fv2%2Fmedia&parent=31521"}],"wp:term":[{"taxonomy":"category","embeddable":true,"href":"https:\/\/gerardoduque.com.mx\/index.php?rest_route=%2Fwp%2Fv2%2Fcategories&post=31521"},{"taxonomy":"post_tag","embeddable":true,"href":"https:\/\/gerardoduque.com.mx\/index.php?rest_route=%2Fwp%2Fv2%2Ftags&post=31521"}],"curies":[{"name":"wp","href":"https:\/\/api.w.org\/{rel}","templated":true}]}}