{"id":31518,"date":"2024-11-19T06:44:59","date_gmt":"2024-11-19T12:44:59","guid":{"rendered":"https:\/\/gerardoduque.com.mx\/?p=31518"},"modified":"2024-11-19T06:45:03","modified_gmt":"2024-11-19T12:45:03","slug":"slp-participa-en-reunion-nacional-de-contralores","status":"publish","type":"post","link":"https:\/\/gerardoduque.com.mx\/?p=31518","title":{"rendered":"SLP PARTICIPA EN REUNI\u00d3N NACIONAL DE CONTRALORES"},"content":{"rendered":"\n<p>La Contralor\u00eda General del Estado particip\u00f3 en la \u00faltima reuni\u00f3n nacional de la Comisi\u00f3n Permanente de Contralores Estados-Federaci\u00f3n logrando un intercambio de experiencias en control interno, fiscalizaci\u00f3n, prevenci\u00f3n, detecci\u00f3n y disuasi\u00f3n de hechos de corrupci\u00f3n, buscando la mejora de la gesti\u00f3n gubernamental.<\/p>\n\n\n\n<p>La ceremonia de inauguraci\u00f3n tambi\u00e9n sirvi\u00f3 para premiar a los ganadores del XIX Concurso Nacional Transparencia en Corto y del XVI Premio Nacional de Contralor\u00eda Social, en el que San Luis Potos\u00ed obtuvo el primer lugar con el proyecto en la \u00abConstrucci\u00f3n del Sistema de Agua Potable\u00bb, de Mexquitic de Carmona.<\/p>\n\n\n\n<p>El contralor general del Estado declar\u00f3 que parte de las actividades fue revisar los avances del plan anual de trabajo de esta Comisi\u00f3n con expertos y autoridades tocando temas cruciales. Durante dicha jornada de trabajo se cont\u00f3 con la presencia de la secretaria de la Funci\u00f3n P\u00fablica y presidenta del CPCE-F, as\u00ed como el auditor superior de la Federaci\u00f3n, as\u00ed como los titulares de los \u00f3rganos de control estatales de las 32 entidades del pa\u00eds.<\/p>\n","protected":false},"excerpt":{"rendered":"<p>La entidad obtuvo el primer lugar del Concurso Nacional de Contralor\u00eda Social<\/p>\n","protected":false},"author":4,"featured_media":31519,"comment_status":"closed","ping_status":"closed","sticky":false,"template":"","format":"standard","meta":{"_et_pb_use_builder":"off","_et_pb_old_content":"","_et_gb_content_width":"","footnotes":""},"categories":[280],"tags":[373,72,66],"class_list":["post-31518","post","type-post","status-publish","format-standard","has-post-thumbnail","hentry","category-gob-slp","tag-cge","tag-gobierno-del-estado","tag-san-luis-potosi"],"_links":{"self":[{"href":"https:\/\/gerardoduque.com.mx\/index.php?rest_route=\/wp\/v2\/posts\/31518","targetHints":{"allow":["GET"]}}],"collection":[{"href":"https:\/\/gerardoduque.com.mx\/index.php?rest_route=\/wp\/v2\/posts"}],"about":[{"href":"https:\/\/gerardoduque.com.mx\/index.php?rest_route=\/wp\/v2\/types\/post"}],"author":[{"embeddable":true,"href":"https:\/\/gerardoduque.com.mx\/index.php?rest_route=\/wp\/v2\/users\/4"}],"replies":[{"embeddable":true,"href":"https:\/\/gerardoduque.com.mx\/index.php?rest_route=%2Fwp%2Fv2%2Fcomments&post=31518"}],"version-history":[{"count":0,"href":"https:\/\/gerardoduque.com.mx\/index.php?rest_route=\/wp\/v2\/posts\/31518\/revisions"}],"wp:featuredmedia":[{"embeddable":true,"href":"https:\/\/gerardoduque.com.mx\/index.php?rest_route=\/wp\/v2\/media\/31519"}],"wp:attachment":[{"href":"https:\/\/gerardoduque.com.mx\/index.php?rest_route=%2Fwp%2Fv2%2Fmedia&parent=31518"}],"wp:term":[{"taxonomy":"category","embeddable":true,"href":"https:\/\/gerardoduque.com.mx\/index.php?rest_route=%2Fwp%2Fv2%2Fcategories&post=31518"},{"taxonomy":"post_tag","embeddable":true,"href":"https:\/\/gerardoduque.com.mx\/index.php?rest_route=%2Fwp%2Fv2%2Ftags&post=31518"}],"curies":[{"name":"wp","href":"https:\/\/api.w.org\/{rel}","templated":true}]}}