{"id":31505,"date":"2024-11-18T08:27:28","date_gmt":"2024-11-18T14:27:28","guid":{"rendered":"https:\/\/gerardoduque.com.mx\/?p=31505"},"modified":"2024-11-18T08:27:30","modified_gmt":"2024-11-18T14:27:30","slug":"continuara-programa-de-pre-liberaciones-para-personas-privadas-de-la-libertad","status":"publish","type":"post","link":"https:\/\/gerardoduque.com.mx\/?p=31505","title":{"rendered":"CONTINUAR\u00c1 PROGRAMA DE PRE LIBERACIONES PARA PERSONAS PRIVADAS DE LA LIBERTAD"},"content":{"rendered":"\n<p>El Gobernador Ricardo Gallardo Cardona confirm\u00f3 que este 2024 se continuar\u00e1 con el programa de pre liberaciones, a trav\u00e9s del cual personas privadas de la libertad de los cinco centros penitenciarios podr\u00e1n reintegrarse a la sociedad.<\/p>\n\n\n\n<p>Ser\u00e1 durante el \u00faltimo mes del a\u00f1o, diciembre, cuando se est\u00e9 realizando este proceso del cual se ver\u00e1n beneficiadas las personas que cometieron infracciones menores, muchas de ellas que fueron recluidas injustamente o pagando sentencias excesivas.<\/p>\n\n\n\n<p>La Secretar\u00eda de Seguridad y Protecci\u00f3n Ciudadana del Estado, la Fiscal\u00eda General del Estado, Defensor\u00eda P\u00fablica y el Poder Judicial analizan los expedientes buscando establecer los perfiles id\u00f3neos y posibles beneficiarios, a quienes se brindar\u00e1 la libertad tan ansiada, abrig\u00e1ndolos en su proceso de reinserci\u00f3n para que tengan una fuente de empleo y no sean discriminados.&nbsp;<\/p>\n\n\n\n<p>El Sistema de Financiamiento para el Desarrollo del Estado tambi\u00e9n implementar\u00e1 el programa LiberarT dirigido a este sector de la poblaci\u00f3n que busca un nuevo comienzo otorg\u00e1ndoles un apoyo econ\u00f3mico desde mil hasta 75 mil pesos para que inicien un negocio o un emprendimiento.<\/p>\n","protected":false},"excerpt":{"rendered":"<p>Se analizan los casos de los posibles beneficiarios.<\/p>\n","protected":false},"author":4,"featured_media":31506,"comment_status":"closed","ping_status":"closed","sticky":false,"template":"","format":"standard","meta":{"_et_pb_use_builder":"off","_et_pb_old_content":"","_et_gb_content_width":"","footnotes":""},"categories":[280],"tags":[72,66,431],"class_list":["post-31505","post","type-post","status-publish","format-standard","has-post-thumbnail","hentry","category-gob-slp","tag-gobierno-del-estado","tag-san-luis-potosi","tag-sspce"],"_links":{"self":[{"href":"https:\/\/gerardoduque.com.mx\/index.php?rest_route=\/wp\/v2\/posts\/31505","targetHints":{"allow":["GET"]}}],"collection":[{"href":"https:\/\/gerardoduque.com.mx\/index.php?rest_route=\/wp\/v2\/posts"}],"about":[{"href":"https:\/\/gerardoduque.com.mx\/index.php?rest_route=\/wp\/v2\/types\/post"}],"author":[{"embeddable":true,"href":"https:\/\/gerardoduque.com.mx\/index.php?rest_route=\/wp\/v2\/users\/4"}],"replies":[{"embeddable":true,"href":"https:\/\/gerardoduque.com.mx\/index.php?rest_route=%2Fwp%2Fv2%2Fcomments&post=31505"}],"version-history":[{"count":0,"href":"https:\/\/gerardoduque.com.mx\/index.php?rest_route=\/wp\/v2\/posts\/31505\/revisions"}],"wp:featuredmedia":[{"embeddable":true,"href":"https:\/\/gerardoduque.com.mx\/index.php?rest_route=\/wp\/v2\/media\/31506"}],"wp:attachment":[{"href":"https:\/\/gerardoduque.com.mx\/index.php?rest_route=%2Fwp%2Fv2%2Fmedia&parent=31505"}],"wp:term":[{"taxonomy":"category","embeddable":true,"href":"https:\/\/gerardoduque.com.mx\/index.php?rest_route=%2Fwp%2Fv2%2Fcategories&post=31505"},{"taxonomy":"post_tag","embeddable":true,"href":"https:\/\/gerardoduque.com.mx\/index.php?rest_route=%2Fwp%2Fv2%2Ftags&post=31505"}],"curies":[{"name":"wp","href":"https:\/\/api.w.org\/{rel}","templated":true}]}}