{"id":31502,"date":"2024-11-18T08:16:47","date_gmt":"2024-11-18T14:16:47","guid":{"rendered":"https:\/\/gerardoduque.com.mx\/?p=31502"},"modified":"2024-11-18T08:16:51","modified_gmt":"2024-11-18T14:16:51","slug":"realizaran-decima-jornada-del-empleo-en-la-capital-de-slp","status":"publish","type":"post","link":"https:\/\/gerardoduque.com.mx\/?p=31502","title":{"rendered":"REALIZAR\u00c1N D\u00c9CIMA JORNADA DEL EMPLEO EN LA CAPITAL DE SLP"},"content":{"rendered":"\n<p>El Instituto de las Mujeres de la mano con la Secretar\u00eda del Trabajo y Previsi\u00f3n Social y el Servicio Nacional del Empleo realizar\u00e1 la d\u00e9cima edici\u00f3n de la Jornada del Empleo en la dependencia ubicada en Jard\u00edn Col\u00f3n n\u00famero 23, en el barrio de San Miguelito este martes 19 de noviembre de 9:00 a 15:00 horas.<\/p>\n\n\n\n<p>En este evento se estar\u00e1n ofertando m\u00e1s de 70 vacantes de empresas globales con presencia en el Estado impulsando as\u00ed el empoderamiento econ\u00f3mico de las mujeres.<\/p>\n\n\n\n<p>Para m\u00e1s informaci\u00f3n, los interesados pueden comunicarse al n\u00famero 444 144 2920 extensi\u00f3n 272 en el \u00e1rea de Empoderamiento Econ\u00f3mico de 8:00 a 15:00 horas y a trav\u00e9s del siguiente enlace: https:\/\/slp.gob.mx\/imes\/Paginas\/Empoderamiento%20Econ%c3%b3mico\/Vacantes\/Feria.aspx.<\/p>\n","protected":false},"excerpt":{"rendered":"<p>Dicho evento tendr\u00e1 lugar el pr\u00f3ximo martes 19 de noviembre 9:00 a 15:00 horas <\/p>\n","protected":false},"author":4,"featured_media":31503,"comment_status":"closed","ping_status":"closed","sticky":false,"template":"","format":"standard","meta":{"_et_pb_use_builder":"off","_et_pb_old_content":"","_et_gb_content_width":"","footnotes":""},"categories":[280],"tags":[72,70,66,83],"class_list":["post-31502","post","type-post","status-publish","format-standard","has-post-thumbnail","hentry","category-gob-slp","tag-gobierno-del-estado","tag-imes","tag-san-luis-potosi","tag-stps"],"_links":{"self":[{"href":"https:\/\/gerardoduque.com.mx\/index.php?rest_route=\/wp\/v2\/posts\/31502","targetHints":{"allow":["GET"]}}],"collection":[{"href":"https:\/\/gerardoduque.com.mx\/index.php?rest_route=\/wp\/v2\/posts"}],"about":[{"href":"https:\/\/gerardoduque.com.mx\/index.php?rest_route=\/wp\/v2\/types\/post"}],"author":[{"embeddable":true,"href":"https:\/\/gerardoduque.com.mx\/index.php?rest_route=\/wp\/v2\/users\/4"}],"replies":[{"embeddable":true,"href":"https:\/\/gerardoduque.com.mx\/index.php?rest_route=%2Fwp%2Fv2%2Fcomments&post=31502"}],"version-history":[{"count":0,"href":"https:\/\/gerardoduque.com.mx\/index.php?rest_route=\/wp\/v2\/posts\/31502\/revisions"}],"wp:featuredmedia":[{"embeddable":true,"href":"https:\/\/gerardoduque.com.mx\/index.php?rest_route=\/wp\/v2\/media\/31503"}],"wp:attachment":[{"href":"https:\/\/gerardoduque.com.mx\/index.php?rest_route=%2Fwp%2Fv2%2Fmedia&parent=31502"}],"wp:term":[{"taxonomy":"category","embeddable":true,"href":"https:\/\/gerardoduque.com.mx\/index.php?rest_route=%2Fwp%2Fv2%2Fcategories&post=31502"},{"taxonomy":"post_tag","embeddable":true,"href":"https:\/\/gerardoduque.com.mx\/index.php?rest_route=%2Fwp%2Fv2%2Ftags&post=31502"}],"curies":[{"name":"wp","href":"https:\/\/api.w.org\/{rel}","templated":true}]}}