{"id":31492,"date":"2024-11-16T10:21:12","date_gmt":"2024-11-16T16:21:12","guid":{"rendered":"https:\/\/gerardoduque.com.mx\/?p=31492"},"modified":"2024-11-16T10:21:15","modified_gmt":"2024-11-16T16:21:15","slug":"realizaran-foro-sobre-perspectiva-de-genero-y-envejecimiento","status":"publish","type":"post","link":"https:\/\/gerardoduque.com.mx\/?p=31492","title":{"rendered":"REALIZAR\u00c1N FORO SOBRE PERSPECTIVA DE G\u00c9NERO Y ENVEJECIMIENTO"},"content":{"rendered":"\n<p>En el marco de la conmemoraci\u00f3n del D\u00eda Internacional de la Eliminaci\u00f3n de la Violencia contra la Mujer #25N, la Oficial\u00eda Mayor del Ejecutivo realizar\u00e1 al foro \u00abPerspectiva de G\u00e9nero y Envejecimiento: Desaf\u00edos y Oportunidades para las Mujeres Adultas Mayores\u00bb, dirigido a las y los servidores p\u00fablicos de la administraci\u00f3n estatal, el pr\u00f3ximo jueves 21 de noviembre, de las de 11:00 a las 13:00 horas.<\/p>\n\n\n\n<p>La intenci\u00f3n es promover acciones de profesionalizaci\u00f3n y capacitaci\u00f3n permanente a favor de los trabajadores para llevar m\u00e1s apoyo a la ciudadan\u00eda en la atenci\u00f3n de tr\u00e1mites y servicios p\u00fablicos, por lo que este foro permitir\u00e1 abordar temas de perspectiva de g\u00e9nero, en el Ecomuseo ubicado al interior del parque Tangamanga I.<\/p>\n\n\n\n<p>Para inscribirse a este evento gratuito, pueden acceder a: https:\/\/forms.gle\/sKFptNnDbnWEafqw8 o comunicarse al \u00e1rea de Desarrollo Humano al 4448173949.<\/p>\n\n\n\n<p>En el contexto del envejecimiento, la perspectiva de g\u00e9nero es importante porque las mujeres mayores enfrentan desaf\u00edos adicionales y hay problemas que se agudizan en esta etapa, derivados de desigualdades estructurales.<\/p>\n","protected":false},"excerpt":{"rendered":"<p>Los trabajadores reflexionar\u00e1n sobre los desaf\u00edos y oportunidades para las mujeres adultas mayores.<\/p>\n","protected":false},"author":4,"featured_media":31493,"comment_status":"closed","ping_status":"closed","sticky":false,"template":"","format":"standard","meta":{"_et_pb_use_builder":"off","_et_pb_old_content":"","_et_gb_content_width":"","footnotes":""},"categories":[280],"tags":[72,70,66],"class_list":["post-31492","post","type-post","status-publish","format-standard","has-post-thumbnail","hentry","category-gob-slp","tag-gobierno-del-estado","tag-imes","tag-san-luis-potosi"],"_links":{"self":[{"href":"https:\/\/gerardoduque.com.mx\/index.php?rest_route=\/wp\/v2\/posts\/31492","targetHints":{"allow":["GET"]}}],"collection":[{"href":"https:\/\/gerardoduque.com.mx\/index.php?rest_route=\/wp\/v2\/posts"}],"about":[{"href":"https:\/\/gerardoduque.com.mx\/index.php?rest_route=\/wp\/v2\/types\/post"}],"author":[{"embeddable":true,"href":"https:\/\/gerardoduque.com.mx\/index.php?rest_route=\/wp\/v2\/users\/4"}],"replies":[{"embeddable":true,"href":"https:\/\/gerardoduque.com.mx\/index.php?rest_route=%2Fwp%2Fv2%2Fcomments&post=31492"}],"version-history":[{"count":0,"href":"https:\/\/gerardoduque.com.mx\/index.php?rest_route=\/wp\/v2\/posts\/31492\/revisions"}],"wp:featuredmedia":[{"embeddable":true,"href":"https:\/\/gerardoduque.com.mx\/index.php?rest_route=\/wp\/v2\/media\/31493"}],"wp:attachment":[{"href":"https:\/\/gerardoduque.com.mx\/index.php?rest_route=%2Fwp%2Fv2%2Fmedia&parent=31492"}],"wp:term":[{"taxonomy":"category","embeddable":true,"href":"https:\/\/gerardoduque.com.mx\/index.php?rest_route=%2Fwp%2Fv2%2Fcategories&post=31492"},{"taxonomy":"post_tag","embeddable":true,"href":"https:\/\/gerardoduque.com.mx\/index.php?rest_route=%2Fwp%2Fv2%2Ftags&post=31492"}],"curies":[{"name":"wp","href":"https:\/\/api.w.org\/{rel}","templated":true}]}}