{"id":31489,"date":"2024-11-16T10:17:09","date_gmt":"2024-11-16T16:17:09","guid":{"rendered":"https:\/\/gerardoduque.com.mx\/?p=31489"},"modified":"2024-11-16T10:17:12","modified_gmt":"2024-11-16T16:17:12","slug":"llevan-feria-de-la-salud-a-santa-martha-en-tamuin","status":"publish","type":"post","link":"https:\/\/gerardoduque.com.mx\/?p=31489","title":{"rendered":"LLEVAN FERIA DE LA SALUD A SANTA MARTHA, EN TAMU\u00cdN"},"content":{"rendered":"\n<p>En apoyo a m\u00e1s de 400 habitantes de la localidad Santa Martha en el municipio de Tamu\u00edn, el Sistema para el Desarrollo Integral de la Familia realiz\u00f3 la Jornada Feria de la Salud 2024, donde brind\u00f3 servicios de calidad a trav\u00e9s de diversas instituciones, como consultas m\u00e9dicas, entrega de medicamentos, estudios especializados, medicina preventiva, orientaci\u00f3n nutricional entre otros.<\/p>\n\n\n\n<p>Personal del DIF estatal ofreci\u00f3 apoyos a los asistentes, adem\u00e1s de entregar Kits menstruales, sillas de ruedas, andaderas, bastones y lentes, entre otros.<\/p>\n\n\n\n<p>En la jornada participaron la Coordinaci\u00f3n de Bienestar Familiar, la Procuradur\u00eda de Protecci\u00f3n de Ni\u00f1as, Ni\u00f1os y Adolescentes, Direcci\u00f3n de Asistencia Alimentaria y Desarrollo Comunitario y la Coordinaci\u00f3n de Gesti\u00f3n y Participaci\u00f3n Ciudadana, con lo que promueven la importancia de la prevenci\u00f3n, crean h\u00e1bitos saludables, acercan los servicios y dan acceso a quienes m\u00e1s lo necesitan.<\/p>\n","protected":false},"excerpt":{"rendered":"<p>Habitantes de la localidad recibieron servicios m\u00e9dicos gratuitos.<\/p>\n","protected":false},"author":4,"featured_media":31490,"comment_status":"closed","ping_status":"closed","sticky":false,"template":"","format":"standard","meta":{"_et_pb_use_builder":"off","_et_pb_old_content":"","_et_gb_content_width":"","footnotes":""},"categories":[280],"tags":[180,72,66],"class_list":["post-31489","post","type-post","status-publish","format-standard","has-post-thumbnail","hentry","category-gob-slp","tag-dif-estatal","tag-gobierno-del-estado","tag-san-luis-potosi"],"_links":{"self":[{"href":"https:\/\/gerardoduque.com.mx\/index.php?rest_route=\/wp\/v2\/posts\/31489","targetHints":{"allow":["GET"]}}],"collection":[{"href":"https:\/\/gerardoduque.com.mx\/index.php?rest_route=\/wp\/v2\/posts"}],"about":[{"href":"https:\/\/gerardoduque.com.mx\/index.php?rest_route=\/wp\/v2\/types\/post"}],"author":[{"embeddable":true,"href":"https:\/\/gerardoduque.com.mx\/index.php?rest_route=\/wp\/v2\/users\/4"}],"replies":[{"embeddable":true,"href":"https:\/\/gerardoduque.com.mx\/index.php?rest_route=%2Fwp%2Fv2%2Fcomments&post=31489"}],"version-history":[{"count":0,"href":"https:\/\/gerardoduque.com.mx\/index.php?rest_route=\/wp\/v2\/posts\/31489\/revisions"}],"wp:featuredmedia":[{"embeddable":true,"href":"https:\/\/gerardoduque.com.mx\/index.php?rest_route=\/wp\/v2\/media\/31490"}],"wp:attachment":[{"href":"https:\/\/gerardoduque.com.mx\/index.php?rest_route=%2Fwp%2Fv2%2Fmedia&parent=31489"}],"wp:term":[{"taxonomy":"category","embeddable":true,"href":"https:\/\/gerardoduque.com.mx\/index.php?rest_route=%2Fwp%2Fv2%2Fcategories&post=31489"},{"taxonomy":"post_tag","embeddable":true,"href":"https:\/\/gerardoduque.com.mx\/index.php?rest_route=%2Fwp%2Fv2%2Ftags&post=31489"}],"curies":[{"name":"wp","href":"https:\/\/api.w.org\/{rel}","templated":true}]}}