{"id":31486,"date":"2024-11-16T10:13:04","date_gmt":"2024-11-16T16:13:04","guid":{"rendered":"https:\/\/gerardoduque.com.mx\/?p=31486"},"modified":"2024-11-16T10:13:07","modified_gmt":"2024-11-16T16:13:07","slug":"ponen-en-marcha-estrategia-laboral-mi-primera-chamba","status":"publish","type":"post","link":"https:\/\/gerardoduque.com.mx\/?p=31486","title":{"rendered":"PONEN EN MARCHA ESTRATEGIA LABORAL \u201cMI PRIMERA CHAMBA\u201d"},"content":{"rendered":"\n<p>La Secretar\u00eda del Trabajo y Previsi\u00f3n Social arranc\u00f3 este viernes 15 de noviembre el programa \u00abMi Primera Chamba\u00bb, que brinda m\u00e1s apoyo y oportunidades laborales a diversos sectores, especialmente a los j\u00f3venes potosinos.<\/p>\n\n\n\n<p>La iniciativa ha demostrado tener \u00e9xito en sus ediciones anteriores del invierno de 2023 y verano de 2024, donde se registraron 766 potosinos y 64 empresas con m\u00e1s de 800 vacantes, por lo que, en la nueva edici\u00f3n, habr\u00e1 mayor n\u00famero de participantes en la convocatoria cuyo registro ser\u00e1 del 15 al 28 de noviembre, en las cuatro regiones del Estado sin l\u00edmite de edad para participar.<\/p>\n\n\n\n<p>Uno de los aspectos destacados de este programa es el Taller para Buscadores de Empleo, donde los participantes aprenden valiosos consejos sobre c\u00f3mo elaborar un curr\u00edculum vitae, as\u00ed como estrategias para enfrentar entrevistas de trabajo y otros aspectos relevantes para su desarrollo profesional.<\/p>\n\n\n\n<p>La STPS invita a los interesados a aprovechar esta oportunidad que \u00abMi Primera Chamba\u00bb ofrece para dar el primer paso hacia su futuro laboral. Para m\u00e1s informaci\u00f3n, los interesados pueden comunicarse con la dependencia estatal.<\/p>\n","protected":false},"excerpt":{"rendered":"<p>Canalizar\u00e1 la STPS a los j\u00f3venes a espacios laborales bien remunerados.<\/p>\n","protected":false},"author":4,"featured_media":31487,"comment_status":"closed","ping_status":"closed","sticky":false,"template":"","format":"standard","meta":{"_et_pb_use_builder":"off","_et_pb_old_content":"","_et_gb_content_width":"","footnotes":""},"categories":[280],"tags":[72,66,83],"class_list":["post-31486","post","type-post","status-publish","format-standard","has-post-thumbnail","hentry","category-gob-slp","tag-gobierno-del-estado","tag-san-luis-potosi","tag-stps"],"_links":{"self":[{"href":"https:\/\/gerardoduque.com.mx\/index.php?rest_route=\/wp\/v2\/posts\/31486","targetHints":{"allow":["GET"]}}],"collection":[{"href":"https:\/\/gerardoduque.com.mx\/index.php?rest_route=\/wp\/v2\/posts"}],"about":[{"href":"https:\/\/gerardoduque.com.mx\/index.php?rest_route=\/wp\/v2\/types\/post"}],"author":[{"embeddable":true,"href":"https:\/\/gerardoduque.com.mx\/index.php?rest_route=\/wp\/v2\/users\/4"}],"replies":[{"embeddable":true,"href":"https:\/\/gerardoduque.com.mx\/index.php?rest_route=%2Fwp%2Fv2%2Fcomments&post=31486"}],"version-history":[{"count":0,"href":"https:\/\/gerardoduque.com.mx\/index.php?rest_route=\/wp\/v2\/posts\/31486\/revisions"}],"wp:featuredmedia":[{"embeddable":true,"href":"https:\/\/gerardoduque.com.mx\/index.php?rest_route=\/wp\/v2\/media\/31487"}],"wp:attachment":[{"href":"https:\/\/gerardoduque.com.mx\/index.php?rest_route=%2Fwp%2Fv2%2Fmedia&parent=31486"}],"wp:term":[{"taxonomy":"category","embeddable":true,"href":"https:\/\/gerardoduque.com.mx\/index.php?rest_route=%2Fwp%2Fv2%2Fcategories&post=31486"},{"taxonomy":"post_tag","embeddable":true,"href":"https:\/\/gerardoduque.com.mx\/index.php?rest_route=%2Fwp%2Fv2%2Ftags&post=31486"}],"curies":[{"name":"wp","href":"https:\/\/api.w.org\/{rel}","templated":true}]}}