{"id":31480,"date":"2024-11-16T06:39:31","date_gmt":"2024-11-16T12:39:31","guid":{"rendered":"https:\/\/gerardoduque.com.mx\/?p=31480"},"modified":"2024-11-16T06:39:34","modified_gmt":"2024-11-16T12:39:34","slug":"promueven-consumo-local-durante-el-buen-fin","status":"publish","type":"post","link":"https:\/\/gerardoduque.com.mx\/?p=31480","title":{"rendered":"PROMUEVEN CONSUMO LOCAL DURANTE EL BUEN FIN"},"content":{"rendered":"\n<p>Tras reconocer la iniciativa del Buen Fin del 15 al 18 de noviembre de 2024, como una estrategia para fortalecer la actividad del mercado interno y que promueve el comercio formal, se invit\u00f3 a la ciudadan\u00eda a realizar compras responsables y seguras y contribuir al consumo local, y a brindar m\u00e1s apoyo a los emprendedores y empresas del Estado.&nbsp;<\/p>\n\n\n\n<p>Este programa conjunto entre el Gobierno y el sector privado, representa una \u00e9poca de recuperaci\u00f3n para todo el sector comercial. Se recomend\u00f3, durante este Buen Fin, comparar precios con antelaci\u00f3n para verificar los descuentos reales, elaborar un presupuesto y definir las necesidades de compra para no exceder la capacidad de pago.<\/p>\n\n\n\n<p>En cuanto a las ofertas y promociones, inst\u00f3 a los compradores a revisar los t\u00e9rminos y condiciones, adem\u00e1s de las pol\u00edticas de cambios y devoluciones de cada establecimiento y sugiri\u00f3 optar por opciones convenientes de pagos como los meses sin intereses adem\u00e1s de en compras en l\u00edneas, usar sitios seguros.<\/p>\n","protected":false},"excerpt":{"rendered":"<p>Recomiendan comparar precios, definir un presupuesto y optar por un comercio seguro.<\/p>\n","protected":false},"author":4,"featured_media":31481,"comment_status":"closed","ping_status":"closed","sticky":false,"template":"","format":"standard","meta":{"_et_pb_use_builder":"off","_et_pb_old_content":"","_et_gb_content_width":"","footnotes":""},"categories":[280],"tags":[72,66,201],"class_list":["post-31480","post","type-post","status-publish","format-standard","has-post-thumbnail","hentry","category-gob-slp","tag-gobierno-del-estado","tag-san-luis-potosi","tag-sedeco"],"_links":{"self":[{"href":"https:\/\/gerardoduque.com.mx\/index.php?rest_route=\/wp\/v2\/posts\/31480","targetHints":{"allow":["GET"]}}],"collection":[{"href":"https:\/\/gerardoduque.com.mx\/index.php?rest_route=\/wp\/v2\/posts"}],"about":[{"href":"https:\/\/gerardoduque.com.mx\/index.php?rest_route=\/wp\/v2\/types\/post"}],"author":[{"embeddable":true,"href":"https:\/\/gerardoduque.com.mx\/index.php?rest_route=\/wp\/v2\/users\/4"}],"replies":[{"embeddable":true,"href":"https:\/\/gerardoduque.com.mx\/index.php?rest_route=%2Fwp%2Fv2%2Fcomments&post=31480"}],"version-history":[{"count":0,"href":"https:\/\/gerardoduque.com.mx\/index.php?rest_route=\/wp\/v2\/posts\/31480\/revisions"}],"wp:featuredmedia":[{"embeddable":true,"href":"https:\/\/gerardoduque.com.mx\/index.php?rest_route=\/wp\/v2\/media\/31481"}],"wp:attachment":[{"href":"https:\/\/gerardoduque.com.mx\/index.php?rest_route=%2Fwp%2Fv2%2Fmedia&parent=31480"}],"wp:term":[{"taxonomy":"category","embeddable":true,"href":"https:\/\/gerardoduque.com.mx\/index.php?rest_route=%2Fwp%2Fv2%2Fcategories&post=31480"},{"taxonomy":"post_tag","embeddable":true,"href":"https:\/\/gerardoduque.com.mx\/index.php?rest_route=%2Fwp%2Fv2%2Ftags&post=31480"}],"curies":[{"name":"wp","href":"https:\/\/api.w.org\/{rel}","templated":true}]}}