{"id":31477,"date":"2024-11-16T06:29:20","date_gmt":"2024-11-16T12:29:20","guid":{"rendered":"https:\/\/gerardoduque.com.mx\/?p=31477"},"modified":"2024-11-16T06:29:23","modified_gmt":"2024-11-16T12:29:23","slug":"centro-acuicola-el-peaje-sera-reactivado","status":"publish","type":"post","link":"https:\/\/gerardoduque.com.mx\/?p=31477","title":{"rendered":"CENTRO ACU\u00cdCOLA EL PEAJE SER\u00c1 REACTIVADO"},"content":{"rendered":"\n<p>Como parte de los beneficios de las obras de limpieza, desazolve y reconstrucci\u00f3n de la presa El Peaje, la Secretar\u00eda de Desarrollo Agropecuario y Recursos Hidr\u00e1ulicos reactivar\u00e1 el centro acu\u00edcola del mismo nombre, que acercar\u00e1 m\u00e1s apoyo a los habitantes y productores de la regi\u00f3n, a trav\u00e9s de capacitaci\u00f3n y repoblamiento de presas, estanques y unidades para la cr\u00eda y engorda de peces.<\/p>\n\n\n\n<p>Se supervis\u00f3 las instalaciones, canales, estanques y oficinas del centro acu\u00edcola, que es atendido por especialistas en la materia, con apoyo de j\u00f3venes universitarios, para preparar el nuevo sistema de producci\u00f3n de alevines, \u00e1rea de crecimiento y engorda, as\u00ed como los equipos de abasto de agua.<\/p>\n\n\n\n<p>Se destac\u00f3 la importancia de hacer eficientes los cuerpos de agua, presas y bordos de abrevadero para la ganader\u00eda, y apoyar el autoconsumo, la alimentaci\u00f3n y la econom\u00eda de los productores agropecuarios, dentro del eje Campo Sostenible del Plan Estatal de Desarrollo.<\/p>\n","protected":false},"excerpt":{"rendered":"<p>Se impulsar\u00e1 la cr\u00eda y engorda de peces.<\/p>\n","protected":false},"author":4,"featured_media":31478,"comment_status":"closed","ping_status":"closed","sticky":false,"template":"","format":"standard","meta":{"_et_pb_use_builder":"off","_et_pb_old_content":"","_et_gb_content_width":"","footnotes":""},"categories":[280],"tags":[72,66,234],"class_list":["post-31477","post","type-post","status-publish","format-standard","has-post-thumbnail","hentry","category-gob-slp","tag-gobierno-del-estado","tag-san-luis-potosi","tag-sedarh"],"_links":{"self":[{"href":"https:\/\/gerardoduque.com.mx\/index.php?rest_route=\/wp\/v2\/posts\/31477","targetHints":{"allow":["GET"]}}],"collection":[{"href":"https:\/\/gerardoduque.com.mx\/index.php?rest_route=\/wp\/v2\/posts"}],"about":[{"href":"https:\/\/gerardoduque.com.mx\/index.php?rest_route=\/wp\/v2\/types\/post"}],"author":[{"embeddable":true,"href":"https:\/\/gerardoduque.com.mx\/index.php?rest_route=\/wp\/v2\/users\/4"}],"replies":[{"embeddable":true,"href":"https:\/\/gerardoduque.com.mx\/index.php?rest_route=%2Fwp%2Fv2%2Fcomments&post=31477"}],"version-history":[{"count":0,"href":"https:\/\/gerardoduque.com.mx\/index.php?rest_route=\/wp\/v2\/posts\/31477\/revisions"}],"wp:featuredmedia":[{"embeddable":true,"href":"https:\/\/gerardoduque.com.mx\/index.php?rest_route=\/wp\/v2\/media\/31478"}],"wp:attachment":[{"href":"https:\/\/gerardoduque.com.mx\/index.php?rest_route=%2Fwp%2Fv2%2Fmedia&parent=31477"}],"wp:term":[{"taxonomy":"category","embeddable":true,"href":"https:\/\/gerardoduque.com.mx\/index.php?rest_route=%2Fwp%2Fv2%2Fcategories&post=31477"},{"taxonomy":"post_tag","embeddable":true,"href":"https:\/\/gerardoduque.com.mx\/index.php?rest_route=%2Fwp%2Fv2%2Ftags&post=31477"}],"curies":[{"name":"wp","href":"https:\/\/api.w.org\/{rel}","templated":true}]}}