{"id":31472,"date":"2024-11-15T10:48:32","date_gmt":"2024-11-15T16:48:32","guid":{"rendered":"https:\/\/gerardoduque.com.mx\/?p=31472"},"modified":"2024-11-15T10:48:35","modified_gmt":"2024-11-15T16:48:35","slug":"slp-impulsara-corredor-economico-bienestar-del-bajio","status":"publish","type":"post","link":"https:\/\/gerardoduque.com.mx\/?p=31472","title":{"rendered":"SLP IMPULSAR\u00c1 CORREDOR ECON\u00d3MICO BIENESTAR DEL BAJ\u00cdO"},"content":{"rendered":"\n<p>Con el objetivo de establecer las bases de colaboraci\u00f3n y la propuesta de impulsar m\u00e1s apoyo a las y los potosinos, la Secretar\u00eda de Desarrollo Econ\u00f3mico Estatal y la Secretar\u00eda de Econom\u00eda Federal intercambiaron opiniones y trabajaron sobre la iniciativa de \u00abCorredores del Bienestar\u00bb del Baj\u00edo, que consolidar\u00e1 el mercado nacional, fomentar\u00e1 la proveedur\u00eda interna y generar\u00e1 mejores condiciones para el comercio entre entidades.<\/p>\n\n\n\n<p>Se sostuvo un encuentro de trabajo con Salom\u00f3n Rosas Ram\u00edrez, director general de Competitividad y Competencia de la SE, en la Ciudad de M\u00e9xico, donde el funcionario federal confirm\u00f3 que la presentaci\u00f3n de la iniciativa, impulsada por la Presidenta de M\u00e9xico, Claudia Sheinbaum Pardo, ser\u00e1 en San Luis Potos\u00ed.<\/p>\n\n\n\n<p>Los Corredores del Bienestar son una oportunidad de inversi\u00f3n para el Estado y la regi\u00f3n, una puerta para consolidar el mercado nacional, fomentar la proveedur\u00eda interna y generar mejores condiciones para el comercio entre entidades, adem\u00e1s de generar mejores empleos en la entidad.<\/p>\n\n\n\n<p>Finalmente, dijo que San Luis Potos\u00ed pertenece al Corredor del Bienestar del Baj\u00edo, con los estados de Quer\u00e9taro, Guanajuato, Aguascalientes y Zacatecas.<\/p>\n","protected":false},"excerpt":{"rendered":"<p>La Sedeco suma al Estado en esta iniciativa de la Secretar\u00eda de Econom\u00eda del Gobierno Federal.<\/p>\n","protected":false},"author":4,"featured_media":14970,"comment_status":"closed","ping_status":"closed","sticky":false,"template":"","format":"standard","meta":{"_et_pb_use_builder":"off","_et_pb_old_content":"","_et_gb_content_width":"","footnotes":""},"categories":[280],"tags":[72,66,201],"class_list":["post-31472","post","type-post","status-publish","format-standard","has-post-thumbnail","hentry","category-gob-slp","tag-gobierno-del-estado","tag-san-luis-potosi","tag-sedeco"],"_links":{"self":[{"href":"https:\/\/gerardoduque.com.mx\/index.php?rest_route=\/wp\/v2\/posts\/31472","targetHints":{"allow":["GET"]}}],"collection":[{"href":"https:\/\/gerardoduque.com.mx\/index.php?rest_route=\/wp\/v2\/posts"}],"about":[{"href":"https:\/\/gerardoduque.com.mx\/index.php?rest_route=\/wp\/v2\/types\/post"}],"author":[{"embeddable":true,"href":"https:\/\/gerardoduque.com.mx\/index.php?rest_route=\/wp\/v2\/users\/4"}],"replies":[{"embeddable":true,"href":"https:\/\/gerardoduque.com.mx\/index.php?rest_route=%2Fwp%2Fv2%2Fcomments&post=31472"}],"version-history":[{"count":0,"href":"https:\/\/gerardoduque.com.mx\/index.php?rest_route=\/wp\/v2\/posts\/31472\/revisions"}],"wp:featuredmedia":[{"embeddable":true,"href":"https:\/\/gerardoduque.com.mx\/index.php?rest_route=\/wp\/v2\/media\/14970"}],"wp:attachment":[{"href":"https:\/\/gerardoduque.com.mx\/index.php?rest_route=%2Fwp%2Fv2%2Fmedia&parent=31472"}],"wp:term":[{"taxonomy":"category","embeddable":true,"href":"https:\/\/gerardoduque.com.mx\/index.php?rest_route=%2Fwp%2Fv2%2Fcategories&post=31472"},{"taxonomy":"post_tag","embeddable":true,"href":"https:\/\/gerardoduque.com.mx\/index.php?rest_route=%2Fwp%2Fv2%2Ftags&post=31472"}],"curies":[{"name":"wp","href":"https:\/\/api.w.org\/{rel}","templated":true}]}}