{"id":31469,"date":"2024-11-15T10:44:54","date_gmt":"2024-11-15T16:44:54","guid":{"rendered":"https:\/\/gerardoduque.com.mx\/?p=31469"},"modified":"2024-11-15T10:44:57","modified_gmt":"2024-11-15T16:44:57","slug":"continuan-en-reuniones-con-ganaderos-de-la-region-media-sobre-tarifas-de-luz-electrica","status":"publish","type":"post","link":"https:\/\/gerardoduque.com.mx\/?p=31469","title":{"rendered":"CONTIN\u00daAN EN REUNIONES CON GANADEROS DE LA REGI\u00d3N MEDIA SOBRE TARIFAS DE LUZ EL\u00c9CTRICA"},"content":{"rendered":"\n<p>Los productores de ganado de la regi\u00f3n Media, junto a dirigentes de la Uni\u00f3n Ganadera Regional de San Luis Potos\u00ed, recibir\u00e1n m\u00e1s apoyo a sus planes de trabajo, fortalecimiento de las acciones contra el abigeato y gestiones por las tarifas de la Comisi\u00f3n Federal de Electricidad resultado de una reuni\u00f3n con titulares de dependencias estatales del Gobierno del Estado y de la Fiscal\u00eda General del Estado.<\/p>\n\n\n\n<p>Los titulares de las Secretar\u00edas General de Gobierno y de Desarrollo Agropecuario y Recursos Hidr\u00e1ulicos escucharon de parte de los ganaderos, casos de abigeato, solicitudes de inversi\u00f3n en el campo, as\u00ed como problemas generados por los cobros de la CFE del 2023.<\/p>\n\n\n\n<p>A la reuni\u00f3n acudi\u00f3 la fiscal general del Estado, quien expres\u00f3 su compromiso de revisar las denuncias y darles mayor atenci\u00f3n en el combate al robo de ganado, mientras que el titular de la Sedarh, explic\u00f3 la atenci\u00f3n de la dependencia con oficinas en el ejido El Refugio, y ofreci\u00f3 el apoyo institucional para los tr\u00e1mites que requieran para mejorar la productividad y reducir los efectos da\u00f1inos.<\/p>\n","protected":false},"excerpt":{"rendered":"<p>Se escucharon de parte de los ganaderos, casos de abigeato, as\u00ed como problemas generados por los cobros de la CFE del 2023.<\/p>\n","protected":false},"author":4,"featured_media":31470,"comment_status":"closed","ping_status":"closed","sticky":false,"template":"","format":"standard","meta":{"_et_pb_use_builder":"off","_et_pb_old_content":"","_et_gb_content_width":"","footnotes":""},"categories":[280],"tags":[72,66,234],"class_list":["post-31469","post","type-post","status-publish","format-standard","has-post-thumbnail","hentry","category-gob-slp","tag-gobierno-del-estado","tag-san-luis-potosi","tag-sedarh"],"_links":{"self":[{"href":"https:\/\/gerardoduque.com.mx\/index.php?rest_route=\/wp\/v2\/posts\/31469","targetHints":{"allow":["GET"]}}],"collection":[{"href":"https:\/\/gerardoduque.com.mx\/index.php?rest_route=\/wp\/v2\/posts"}],"about":[{"href":"https:\/\/gerardoduque.com.mx\/index.php?rest_route=\/wp\/v2\/types\/post"}],"author":[{"embeddable":true,"href":"https:\/\/gerardoduque.com.mx\/index.php?rest_route=\/wp\/v2\/users\/4"}],"replies":[{"embeddable":true,"href":"https:\/\/gerardoduque.com.mx\/index.php?rest_route=%2Fwp%2Fv2%2Fcomments&post=31469"}],"version-history":[{"count":0,"href":"https:\/\/gerardoduque.com.mx\/index.php?rest_route=\/wp\/v2\/posts\/31469\/revisions"}],"wp:featuredmedia":[{"embeddable":true,"href":"https:\/\/gerardoduque.com.mx\/index.php?rest_route=\/wp\/v2\/media\/31470"}],"wp:attachment":[{"href":"https:\/\/gerardoduque.com.mx\/index.php?rest_route=%2Fwp%2Fv2%2Fmedia&parent=31469"}],"wp:term":[{"taxonomy":"category","embeddable":true,"href":"https:\/\/gerardoduque.com.mx\/index.php?rest_route=%2Fwp%2Fv2%2Fcategories&post=31469"},{"taxonomy":"post_tag","embeddable":true,"href":"https:\/\/gerardoduque.com.mx\/index.php?rest_route=%2Fwp%2Fv2%2Ftags&post=31469"}],"curies":[{"name":"wp","href":"https:\/\/api.w.org\/{rel}","templated":true}]}}