{"id":31466,"date":"2024-11-15T10:42:51","date_gmt":"2024-11-15T16:42:51","guid":{"rendered":"https:\/\/gerardoduque.com.mx\/?p=31466"},"modified":"2024-11-15T10:42:54","modified_gmt":"2024-11-15T16:42:54","slug":"proyectan-reforestacion-en-todas-las-escuelas-de-slp","status":"publish","type":"post","link":"https:\/\/gerardoduque.com.mx\/?p=31466","title":{"rendered":"PROYECTAN REFORESTACI\u00d3N EN TODAS LAS ESCUELAS DE SLP"},"content":{"rendered":"\n<p>La Secretar\u00eda de Ecolog\u00eda y Gesti\u00f3n Ambiental y el Instituto Estatal de Infraestructura F\u00edsica Educativa acordaron acciones para reforestar los planteles educativos de las cuatro regiones con especies end\u00e9micas.<\/p>\n\n\n\n<p>La titular de la Segam y la directora del IEIFE sostuvieron un encuentro donde coincidieron en que la colaboraci\u00f3n con el programa busca crear un sentido de pertenencia y amor por el entorno escolar entre los estudiantes y docentes, quienes participar\u00e1n directamente en el proceso de reforestaci\u00f3n y conservaci\u00f3n de \u00e1reas verdes en sus escuelas.<\/p>\n\n\n\n<p>Con estas acciones la dependencia busca brindar m\u00e1s apoyo a los potosinos y las futuras generaciones con acciones permanentes de promoci\u00f3n de la conciencia ambiental y la participaci\u00f3n ciudadana en la conservaci\u00f3n de la biosfera.<\/p>\n","protected":false},"excerpt":{"rendered":"<p>Dependencias coordinar\u00e1n acciones para lograr esta meta.<\/p>\n","protected":false},"author":4,"featured_media":31467,"comment_status":"closed","ping_status":"closed","sticky":false,"template":"","format":"standard","meta":{"_et_pb_use_builder":"off","_et_pb_old_content":"","_et_gb_content_width":"","footnotes":""},"categories":[280],"tags":[72,66,155],"class_list":["post-31466","post","type-post","status-publish","format-standard","has-post-thumbnail","hentry","category-gob-slp","tag-gobierno-del-estado","tag-san-luis-potosi","tag-segam"],"_links":{"self":[{"href":"https:\/\/gerardoduque.com.mx\/index.php?rest_route=\/wp\/v2\/posts\/31466","targetHints":{"allow":["GET"]}}],"collection":[{"href":"https:\/\/gerardoduque.com.mx\/index.php?rest_route=\/wp\/v2\/posts"}],"about":[{"href":"https:\/\/gerardoduque.com.mx\/index.php?rest_route=\/wp\/v2\/types\/post"}],"author":[{"embeddable":true,"href":"https:\/\/gerardoduque.com.mx\/index.php?rest_route=\/wp\/v2\/users\/4"}],"replies":[{"embeddable":true,"href":"https:\/\/gerardoduque.com.mx\/index.php?rest_route=%2Fwp%2Fv2%2Fcomments&post=31466"}],"version-history":[{"count":0,"href":"https:\/\/gerardoduque.com.mx\/index.php?rest_route=\/wp\/v2\/posts\/31466\/revisions"}],"wp:featuredmedia":[{"embeddable":true,"href":"https:\/\/gerardoduque.com.mx\/index.php?rest_route=\/wp\/v2\/media\/31467"}],"wp:attachment":[{"href":"https:\/\/gerardoduque.com.mx\/index.php?rest_route=%2Fwp%2Fv2%2Fmedia&parent=31466"}],"wp:term":[{"taxonomy":"category","embeddable":true,"href":"https:\/\/gerardoduque.com.mx\/index.php?rest_route=%2Fwp%2Fv2%2Fcategories&post=31466"},{"taxonomy":"post_tag","embeddable":true,"href":"https:\/\/gerardoduque.com.mx\/index.php?rest_route=%2Fwp%2Fv2%2Ftags&post=31466"}],"curies":[{"name":"wp","href":"https:\/\/api.w.org\/{rel}","templated":true}]}}