{"id":31463,"date":"2024-11-15T10:32:16","date_gmt":"2024-11-15T16:32:16","guid":{"rendered":"https:\/\/gerardoduque.com.mx\/?p=31463"},"modified":"2024-11-15T10:32:19","modified_gmt":"2024-11-15T16:32:19","slug":"preparan-albergues-para-epoca-invernal-en-slp","status":"publish","type":"post","link":"https:\/\/gerardoduque.com.mx\/?p=31463","title":{"rendered":"PREPARAN ALBERGUES PARA \u00c9POCA INVERNAL EN SLP"},"content":{"rendered":"\n<p>La Coordinaci\u00f3n Estatal de Protecci\u00f3n Civil buscar\u00e1 fortalecer el plan de atenci\u00f3n durante la temporada invernal, debido a que el Servicio Meteorol\u00f3gico Nacional pronostic\u00f3 48 frentes fr\u00edos en el Estado.<\/p>\n\n\n\n<p>La estrategia planteada proyecta acciones de prevenci\u00f3n y atenci\u00f3n a las familias que m\u00e1s lo necesitan y que cada a\u00f1o son las m\u00e1s afectadas por las bajas temperaturas, para lo que la administraci\u00f3n estatal, instalar\u00e1 refugios temporales para brindar m\u00e1s apoyo a la poblaci\u00f3n m\u00e1s vulnerable, a la par de la coordinaci\u00f3n con los 59 municipios que tendr\u00e1n un importante rol en la protecci\u00f3n de la salud de todos.<\/p>\n\n\n\n<p>Se destac\u00f3 la importancia de que las y los potosinos, refuercen las acciones preventivas que se\u00f1ala la dependencia de Protecci\u00f3n Civil, como: limitar actividades al aire libre en condici\u00f3n de fr\u00edo extremo, abrigarse bien antes de salir a la calle, con guantes, gorro, bufanda, calcetines gruesos, abrigos o chamarras, comprobar la condici\u00f3n de los calentadores el\u00e9ctricos y comer alimentos ricos en vitamina C.<\/p>\n\n\n\n<p>Se solicit\u00f3 a la poblaci\u00f3n, comunicarse al 911, de conocer alguna persona en situaci\u00f3n de calle para que esta sea trasladada a uno de los albergues disponibles por las dependencias municipales o estatales.<\/p>\n","protected":false},"excerpt":{"rendered":"<p>Se pide a las familias potosinas extremar precauciones ante el pron\u00f3stico de 48 frentes fr\u00edos.<\/p>\n","protected":false},"author":4,"featured_media":31464,"comment_status":"closed","ping_status":"closed","sticky":false,"template":"","format":"standard","meta":{"_et_pb_use_builder":"off","_et_pb_old_content":"","_et_gb_content_width":"","footnotes":""},"categories":[280],"tags":[190,72,66],"class_list":["post-31463","post","type-post","status-publish","format-standard","has-post-thumbnail","hentry","category-gob-slp","tag-cepc","tag-gobierno-del-estado","tag-san-luis-potosi"],"_links":{"self":[{"href":"https:\/\/gerardoduque.com.mx\/index.php?rest_route=\/wp\/v2\/posts\/31463","targetHints":{"allow":["GET"]}}],"collection":[{"href":"https:\/\/gerardoduque.com.mx\/index.php?rest_route=\/wp\/v2\/posts"}],"about":[{"href":"https:\/\/gerardoduque.com.mx\/index.php?rest_route=\/wp\/v2\/types\/post"}],"author":[{"embeddable":true,"href":"https:\/\/gerardoduque.com.mx\/index.php?rest_route=\/wp\/v2\/users\/4"}],"replies":[{"embeddable":true,"href":"https:\/\/gerardoduque.com.mx\/index.php?rest_route=%2Fwp%2Fv2%2Fcomments&post=31463"}],"version-history":[{"count":0,"href":"https:\/\/gerardoduque.com.mx\/index.php?rest_route=\/wp\/v2\/posts\/31463\/revisions"}],"wp:featuredmedia":[{"embeddable":true,"href":"https:\/\/gerardoduque.com.mx\/index.php?rest_route=\/wp\/v2\/media\/31464"}],"wp:attachment":[{"href":"https:\/\/gerardoduque.com.mx\/index.php?rest_route=%2Fwp%2Fv2%2Fmedia&parent=31463"}],"wp:term":[{"taxonomy":"category","embeddable":true,"href":"https:\/\/gerardoduque.com.mx\/index.php?rest_route=%2Fwp%2Fv2%2Fcategories&post=31463"},{"taxonomy":"post_tag","embeddable":true,"href":"https:\/\/gerardoduque.com.mx\/index.php?rest_route=%2Fwp%2Fv2%2Ftags&post=31463"}],"curies":[{"name":"wp","href":"https:\/\/api.w.org\/{rel}","templated":true}]}}