{"id":31430,"date":"2024-11-14T05:21:00","date_gmt":"2024-11-14T11:21:00","guid":{"rendered":"https:\/\/gerardoduque.com.mx\/?p=31430"},"modified":"2024-11-13T21:24:02","modified_gmt":"2024-11-14T03:24:02","slug":"anuncian-carrera-atletica-potosinas-construyendo-paz-2024","status":"publish","type":"post","link":"https:\/\/gerardoduque.com.mx\/?p=31430","title":{"rendered":"ANUNCIAN CARRERA ATL\u00c9TICA \u201cPOTOSINAS CONSTRUYENDO PAZ 2024\u201d"},"content":{"rendered":"\n<p>El Instituto de las Mujeres del Estado invita a la carrera atl\u00e9tica con causa \u201cPotosinas Construyendo Paz 2024\u201d, que se realizar\u00e1 el s\u00e1bado 23 de noviembre para conmemorar el #25N D\u00eda Internacional de la Eliminaci\u00f3n de la Violencia contra la Mujer, en el parque Tangamanga II a las 8:00 horas.<\/p>\n\n\n\n<p>El evento deportivo se desarrolla a beneficio de las usuarias del Sistema Estatal para el Desarrollo Integral de la Familia (DIF) y las Unidades Locales de Atenci\u00f3n (ULAS), de Ciudad Valles, Tamazunchale, Tancanhuitz, Xilitla, Aquism\u00f3n y Santa Catarina.<\/p>\n\n\n\n<p>La inscripci\u00f3n a la carrera es con causa y los competidores solo deber\u00e1n entregar un kit de higiene personal (shampoo, jab\u00f3n de tocador, papel higi\u00e9nico, crema corporal, pasta y cepillo de dientes, entre otros art\u00edculos) y registrarse a trav\u00e9s de la p\u00e1gina: https:\/\/imes-fua.com.mx\/carrera_atletica. Para m\u00e1s informaci\u00f3n, pueden comunicarse al tel\u00e9fono 444-1442920 en horario de 8:00 a 21:00 horas o, consultar las redes sociales del Imes.<\/p>\n\n\n\n<p>La actividad deportiva tendr\u00e1 salida y meta en la zona Kids. Las categor\u00edas son: infantil de dos a 15 a\u00f1os; libre, femenil y varonil, de 16 a\u00f1os en adelante, y personas con discapacidad, con distancias de tres y 6.5 kil\u00f3metros.<\/p>\n","protected":false},"excerpt":{"rendered":"<p>Ser\u00e1 el 23 de noviembre en el parque Tangamanga II a beneficio de las usuarias del DIF Estatal y ULAS.<\/p>\n","protected":false},"author":4,"featured_media":31431,"comment_status":"closed","ping_status":"closed","sticky":false,"template":"","format":"standard","meta":{"_et_pb_use_builder":"off","_et_pb_old_content":"","_et_gb_content_width":"","footnotes":""},"categories":[280],"tags":[72,70,66],"class_list":["post-31430","post","type-post","status-publish","format-standard","has-post-thumbnail","hentry","category-gob-slp","tag-gobierno-del-estado","tag-imes","tag-san-luis-potosi"],"_links":{"self":[{"href":"https:\/\/gerardoduque.com.mx\/index.php?rest_route=\/wp\/v2\/posts\/31430","targetHints":{"allow":["GET"]}}],"collection":[{"href":"https:\/\/gerardoduque.com.mx\/index.php?rest_route=\/wp\/v2\/posts"}],"about":[{"href":"https:\/\/gerardoduque.com.mx\/index.php?rest_route=\/wp\/v2\/types\/post"}],"author":[{"embeddable":true,"href":"https:\/\/gerardoduque.com.mx\/index.php?rest_route=\/wp\/v2\/users\/4"}],"replies":[{"embeddable":true,"href":"https:\/\/gerardoduque.com.mx\/index.php?rest_route=%2Fwp%2Fv2%2Fcomments&post=31430"}],"version-history":[{"count":0,"href":"https:\/\/gerardoduque.com.mx\/index.php?rest_route=\/wp\/v2\/posts\/31430\/revisions"}],"wp:featuredmedia":[{"embeddable":true,"href":"https:\/\/gerardoduque.com.mx\/index.php?rest_route=\/wp\/v2\/media\/31431"}],"wp:attachment":[{"href":"https:\/\/gerardoduque.com.mx\/index.php?rest_route=%2Fwp%2Fv2%2Fmedia&parent=31430"}],"wp:term":[{"taxonomy":"category","embeddable":true,"href":"https:\/\/gerardoduque.com.mx\/index.php?rest_route=%2Fwp%2Fv2%2Fcategories&post=31430"},{"taxonomy":"post_tag","embeddable":true,"href":"https:\/\/gerardoduque.com.mx\/index.php?rest_route=%2Fwp%2Fv2%2Ftags&post=31430"}],"curies":[{"name":"wp","href":"https:\/\/api.w.org\/{rel}","templated":true}]}}