{"id":31423,"date":"2024-11-14T05:07:00","date_gmt":"2024-11-14T11:07:00","guid":{"rendered":"https:\/\/gerardoduque.com.mx\/?p=31423"},"modified":"2024-11-13T21:11:41","modified_gmt":"2024-11-14T03:11:41","slug":"generan-plan-estatal-contra-incendios-forestales","status":"publish","type":"post","link":"https:\/\/gerardoduque.com.mx\/?p=31423","title":{"rendered":"GENERAN PLAN ESTATAL CONTRA INCENDIOS FORESTALES"},"content":{"rendered":"\n<p>El Comit\u00e9 Estatal de Manejo del Fuego de San Luis Potos\u00ed aprob\u00f3 el plan de trabajo 2025, para reducir da\u00f1os por incendios forestales en la pr\u00f3xima temporada, que integra cinco sesiones, capacitaci\u00f3n y certificaci\u00f3n de combatientes, brechas cortafuego, limpieza de maleza con maquinaria, y l\u00edneas negras con m\u00e1s de 180 brigadistas o combatientes.<\/p>\n\n\n\n<p>Durante la tercera sesi\u00f3n ordinaria del Comit\u00e9 participaron el titular de la Secretar\u00eda de Desarrollo Agropecuario y Recursos Hidr\u00e1ulicos y de la Secretar\u00eda de Ecolog\u00eda y Gesti\u00f3n Ambiental, quienes revisaron el informe 2024, con 68 incendios que da\u00f1aron 18 mil 159 hect\u00e1reas y plantearon acciones para reducir efectos en 2025.&nbsp;<\/p>\n\n\n\n<p>Para el pr\u00f3ximo a\u00f1o, el Comit\u00e9 Estatal de Manejo del Fuego, plane\u00f3 cinco sesiones, cursos de capacitaci\u00f3n y certificaci\u00f3n de combatientes de incendios, obras como brechas cortafuego en 20 kil\u00f3metros, limpieza de 20 hect\u00e1reas de maleza con maquinaria, 10 hect\u00e1reas m\u00e1s prescritas con fuego y 15 kil\u00f3metros de l\u00edneas negras con m\u00e1s de 180 brigadistas o combatientes.&nbsp;<\/p>\n","protected":false},"excerpt":{"rendered":"<p>Aprueban calendario 2025 del Comit\u00e9 Estatal de Manejo del Fuego.<\/p>\n","protected":false},"author":4,"featured_media":17854,"comment_status":"closed","ping_status":"closed","sticky":false,"template":"","format":"standard","meta":{"_et_pb_use_builder":"off","_et_pb_old_content":"","_et_gb_content_width":"","footnotes":""},"categories":[280],"tags":[72,66,234,155],"class_list":["post-31423","post","type-post","status-publish","format-standard","has-post-thumbnail","hentry","category-gob-slp","tag-gobierno-del-estado","tag-san-luis-potosi","tag-sedarh","tag-segam"],"_links":{"self":[{"href":"https:\/\/gerardoduque.com.mx\/index.php?rest_route=\/wp\/v2\/posts\/31423","targetHints":{"allow":["GET"]}}],"collection":[{"href":"https:\/\/gerardoduque.com.mx\/index.php?rest_route=\/wp\/v2\/posts"}],"about":[{"href":"https:\/\/gerardoduque.com.mx\/index.php?rest_route=\/wp\/v2\/types\/post"}],"author":[{"embeddable":true,"href":"https:\/\/gerardoduque.com.mx\/index.php?rest_route=\/wp\/v2\/users\/4"}],"replies":[{"embeddable":true,"href":"https:\/\/gerardoduque.com.mx\/index.php?rest_route=%2Fwp%2Fv2%2Fcomments&post=31423"}],"version-history":[{"count":0,"href":"https:\/\/gerardoduque.com.mx\/index.php?rest_route=\/wp\/v2\/posts\/31423\/revisions"}],"wp:featuredmedia":[{"embeddable":true,"href":"https:\/\/gerardoduque.com.mx\/index.php?rest_route=\/wp\/v2\/media\/17854"}],"wp:attachment":[{"href":"https:\/\/gerardoduque.com.mx\/index.php?rest_route=%2Fwp%2Fv2%2Fmedia&parent=31423"}],"wp:term":[{"taxonomy":"category","embeddable":true,"href":"https:\/\/gerardoduque.com.mx\/index.php?rest_route=%2Fwp%2Fv2%2Fcategories&post=31423"},{"taxonomy":"post_tag","embeddable":true,"href":"https:\/\/gerardoduque.com.mx\/index.php?rest_route=%2Fwp%2Fv2%2Ftags&post=31423"}],"curies":[{"name":"wp","href":"https:\/\/api.w.org\/{rel}","templated":true}]}}