{"id":31420,"date":"2024-11-13T19:33:07","date_gmt":"2024-11-14T01:33:07","guid":{"rendered":"https:\/\/gerardoduque.com.mx\/?p=31420"},"modified":"2024-11-13T19:33:10","modified_gmt":"2024-11-14T01:33:10","slug":"convocan-a-alcaldes-del-altiplano-para-abordar-las-obras-y-acciones-para-el-proximo-ano","status":"publish","type":"post","link":"https:\/\/gerardoduque.com.mx\/?p=31420","title":{"rendered":"CONVOCAN A ALCALDES DEL ALTIPLANO PARA ABORDAR LAS OBRAS Y ACCIONES PARA EL PR\u00d3XIMO A\u00d1O"},"content":{"rendered":"\n<p>La Secretar\u00eda General de Gobierno convoc\u00f3 a los alcaldes de municipios de la regi\u00f3n Altiplano a quienes les present\u00f3 los programas estatales con la finalidad de generar acuerdos que multipliquen las obras, acciones e impulsar coordinadamente el desarrollo, progreso y m\u00e1s apoyo al bienestar de las familias potosinas.<\/p>\n\n\n\n<p>El titular de la dependencia J. Guadalupe Torres S\u00e1nchez, destac\u00f3 que el Gobierno Estatal tiene apertura para fortalecer el di\u00e1logo con los municipios, generar acuerdos y proyectos en infraestructura h\u00eddrica \u201cy planear las obras para el pr\u00f3ximo a\u00f1o, incluyendo las que puedan incluirse en el presupuesto de Egresos\u201d.<\/p>\n\n\n\n<p>Junto con la titular de la Secretar\u00eda de Desarrollo Social y Regional, se dio a conocer la variedad de programas con los que cuentan las dependencias y enfatiz\u00f3 que con el respaldo del Estado y los municipios podr\u00e1n impulsarse obras para la mejora de carreteras, caminos y calles y aquellas que tienen mayor demanda entre los potosinos, como lo es el abastecimiento del agua potable.<\/p>\n","protected":false},"excerpt":{"rendered":"<p>Se dio a conocer la variedad de programas con los que cuentan las dependencias del estado.<\/p>\n","protected":false},"author":4,"featured_media":31421,"comment_status":"closed","ping_status":"closed","sticky":false,"template":"","format":"standard","meta":{"_et_pb_use_builder":"off","_et_pb_old_content":"","_et_gb_content_width":"","footnotes":""},"categories":[412,280],"tags":[72,66,241],"class_list":["post-31420","post","type-post","status-publish","format-standard","has-post-thumbnail","hentry","category-destacado","category-gob-slp","tag-gobierno-del-estado","tag-san-luis-potosi","tag-sedesore"],"_links":{"self":[{"href":"https:\/\/gerardoduque.com.mx\/index.php?rest_route=\/wp\/v2\/posts\/31420","targetHints":{"allow":["GET"]}}],"collection":[{"href":"https:\/\/gerardoduque.com.mx\/index.php?rest_route=\/wp\/v2\/posts"}],"about":[{"href":"https:\/\/gerardoduque.com.mx\/index.php?rest_route=\/wp\/v2\/types\/post"}],"author":[{"embeddable":true,"href":"https:\/\/gerardoduque.com.mx\/index.php?rest_route=\/wp\/v2\/users\/4"}],"replies":[{"embeddable":true,"href":"https:\/\/gerardoduque.com.mx\/index.php?rest_route=%2Fwp%2Fv2%2Fcomments&post=31420"}],"version-history":[{"count":0,"href":"https:\/\/gerardoduque.com.mx\/index.php?rest_route=\/wp\/v2\/posts\/31420\/revisions"}],"wp:featuredmedia":[{"embeddable":true,"href":"https:\/\/gerardoduque.com.mx\/index.php?rest_route=\/wp\/v2\/media\/31421"}],"wp:attachment":[{"href":"https:\/\/gerardoduque.com.mx\/index.php?rest_route=%2Fwp%2Fv2%2Fmedia&parent=31420"}],"wp:term":[{"taxonomy":"category","embeddable":true,"href":"https:\/\/gerardoduque.com.mx\/index.php?rest_route=%2Fwp%2Fv2%2Fcategories&post=31420"},{"taxonomy":"post_tag","embeddable":true,"href":"https:\/\/gerardoduque.com.mx\/index.php?rest_route=%2Fwp%2Fv2%2Ftags&post=31420"}],"curies":[{"name":"wp","href":"https:\/\/api.w.org\/{rel}","templated":true}]}}