{"id":31416,"date":"2024-11-13T05:20:00","date_gmt":"2024-11-13T11:20:00","guid":{"rendered":"https:\/\/gerardoduque.com.mx\/?p=31416"},"modified":"2024-11-12T21:23:53","modified_gmt":"2024-11-13T03:23:53","slug":"inician-reconstruccion-del-camino-maravillas-estanzuela-en-mexquitic","status":"publish","type":"post","link":"https:\/\/gerardoduque.com.mx\/?p=31416","title":{"rendered":"INICIAN RECONSTRUCCI\u00d3N DEL CAMINO MARAVILLAS-ESTANZUELA, EN MEXQUITIC"},"content":{"rendered":"\n<p>M\u00e1s de 21 mil 700 habitantes de diferentes comunidades de Mexquitic de Carmona, tendr\u00e1n una vialidad de calidad y un acceso seguro luego de que el Gobernador Ricardo Gallardo Cardona arranc\u00f3 la reconstrucci\u00f3n del camino Maravillas-Estanzuela, con una inversi\u00f3n p\u00fablica de 10.82 millones de pesos.<\/p>\n\n\n\n<p>La rehabilitaci\u00f3n de la carpeta de rodamiento tiene una longitud de cinco kil\u00f3metros en los que est\u00e1 garantizada la calidad de los materiales y mejora el acceso a ambas localidades, logrando que la calidad de vida de la poblaci\u00f3n mejore significativamente con mayor seguridad al transitar por la carretera, la disminuci\u00f3n de tiempos de traslado y el incremento de la plusval\u00eda.<\/p>\n\n\n\n<p>Tras el arranque de esta importante obra, el Jefe de Gobierno Estatal, entreg\u00f3 el programa Seguridad Alimentaria, donde explic\u00f3 que es una estrategia dise\u00f1ada por el Sistema Estatal DIF, para mejorar la nutrici\u00f3n de las familias en las zonas de atenci\u00f3n prioritaria, que llegar\u00e1 cada 45 d\u00edas como un apoyo para enfrentar los gastos de alimentaci\u00f3n, y que generar\u00e1 ahorro en la econom\u00eda, recursos que podr\u00e1n ser destinado a otras necesidades.<\/p>\n","protected":false},"excerpt":{"rendered":"<p>Para esta obre se destinar\u00e1 una inversi\u00f3n p\u00fablica de 10.82 millones de pesos.<\/p>\n","protected":false},"author":4,"featured_media":31417,"comment_status":"closed","ping_status":"closed","sticky":false,"template":"","format":"standard","meta":{"_et_pb_use_builder":"off","_et_pb_old_content":"","_et_gb_content_width":"","footnotes":""},"categories":[280],"tags":[72,66],"class_list":["post-31416","post","type-post","status-publish","format-standard","has-post-thumbnail","hentry","category-gob-slp","tag-gobierno-del-estado","tag-san-luis-potosi"],"_links":{"self":[{"href":"https:\/\/gerardoduque.com.mx\/index.php?rest_route=\/wp\/v2\/posts\/31416","targetHints":{"allow":["GET"]}}],"collection":[{"href":"https:\/\/gerardoduque.com.mx\/index.php?rest_route=\/wp\/v2\/posts"}],"about":[{"href":"https:\/\/gerardoduque.com.mx\/index.php?rest_route=\/wp\/v2\/types\/post"}],"author":[{"embeddable":true,"href":"https:\/\/gerardoduque.com.mx\/index.php?rest_route=\/wp\/v2\/users\/4"}],"replies":[{"embeddable":true,"href":"https:\/\/gerardoduque.com.mx\/index.php?rest_route=%2Fwp%2Fv2%2Fcomments&post=31416"}],"version-history":[{"count":0,"href":"https:\/\/gerardoduque.com.mx\/index.php?rest_route=\/wp\/v2\/posts\/31416\/revisions"}],"wp:featuredmedia":[{"embeddable":true,"href":"https:\/\/gerardoduque.com.mx\/index.php?rest_route=\/wp\/v2\/media\/31417"}],"wp:attachment":[{"href":"https:\/\/gerardoduque.com.mx\/index.php?rest_route=%2Fwp%2Fv2%2Fmedia&parent=31416"}],"wp:term":[{"taxonomy":"category","embeddable":true,"href":"https:\/\/gerardoduque.com.mx\/index.php?rest_route=%2Fwp%2Fv2%2Fcategories&post=31416"},{"taxonomy":"post_tag","embeddable":true,"href":"https:\/\/gerardoduque.com.mx\/index.php?rest_route=%2Fwp%2Fv2%2Ftags&post=31416"}],"curies":[{"name":"wp","href":"https:\/\/api.w.org\/{rel}","templated":true}]}}