{"id":31414,"date":"2024-11-13T05:18:00","date_gmt":"2024-11-13T11:18:00","guid":{"rendered":"https:\/\/gerardoduque.com.mx\/?p=31414"},"modified":"2024-11-12T21:20:29","modified_gmt":"2024-11-13T03:20:29","slug":"promueven-educacion-ambiental-en-escuelas-de-las-cuatro-regiones","status":"publish","type":"post","link":"https:\/\/gerardoduque.com.mx\/?p=31414","title":{"rendered":"PROMUEVEN EDUCACI\u00d3N AMBIENTAL EN ESCUELAS DE LAS CUATRO REGIONES"},"content":{"rendered":"\n<p>La Secretar\u00eda de Ecolog\u00eda y Gesti\u00f3n Ambiental busca fortalecer la concientizaci\u00f3n a los estudiantes de las cuatro regiones a trav\u00e9s del programa de capacitaci\u00f3n y promoci\u00f3n ambiental para la sustentabilidad en San Luis Potos\u00ed, impulsando la educaci\u00f3n ambiental desde la infancia.<\/p>\n\n\n\n<p>Para impulsar acciones permanentes de promoci\u00f3n de la conciencia ambiental y la participaci\u00f3n ciudadana en la conservaci\u00f3n de la biosfera, en la escuela primaria \u201cValent\u00edn G\u00f3mez Far\u00edas\u201d de la capital potosina, la titular de la Segam se inaugur\u00f3 este programa, con un llamado a promover el cuidado y respeto de nuestro entorno para reducir los impactos ambientales.<\/p>\n\n\n\n<p>El objetivo principal es generar conciencia sobre el consumo responsable y el llamado a adoptar h\u00e1bitos que minimicen el impacto ambiental, por lo que este programa viene a sumarse a otras acciones para lograr una educaci\u00f3n en valores y pr\u00e1cticas amigables con el medio ambiente garantizando un futuro mejor para todos.<\/p>\n","protected":false},"excerpt":{"rendered":"<p>Se implementar\u00e1 programa de capacitaci\u00f3n y promoci\u00f3n ambiental para la sustentabilidad en San Luis Potos\u00ed<\/p>\n","protected":false},"author":4,"featured_media":31276,"comment_status":"closed","ping_status":"closed","sticky":false,"template":"","format":"standard","meta":{"_et_pb_use_builder":"off","_et_pb_old_content":"","_et_gb_content_width":"","footnotes":""},"categories":[280],"tags":[72,66,155],"class_list":["post-31414","post","type-post","status-publish","format-standard","has-post-thumbnail","hentry","category-gob-slp","tag-gobierno-del-estado","tag-san-luis-potosi","tag-segam"],"_links":{"self":[{"href":"https:\/\/gerardoduque.com.mx\/index.php?rest_route=\/wp\/v2\/posts\/31414","targetHints":{"allow":["GET"]}}],"collection":[{"href":"https:\/\/gerardoduque.com.mx\/index.php?rest_route=\/wp\/v2\/posts"}],"about":[{"href":"https:\/\/gerardoduque.com.mx\/index.php?rest_route=\/wp\/v2\/types\/post"}],"author":[{"embeddable":true,"href":"https:\/\/gerardoduque.com.mx\/index.php?rest_route=\/wp\/v2\/users\/4"}],"replies":[{"embeddable":true,"href":"https:\/\/gerardoduque.com.mx\/index.php?rest_route=%2Fwp%2Fv2%2Fcomments&post=31414"}],"version-history":[{"count":0,"href":"https:\/\/gerardoduque.com.mx\/index.php?rest_route=\/wp\/v2\/posts\/31414\/revisions"}],"wp:featuredmedia":[{"embeddable":true,"href":"https:\/\/gerardoduque.com.mx\/index.php?rest_route=\/wp\/v2\/media\/31276"}],"wp:attachment":[{"href":"https:\/\/gerardoduque.com.mx\/index.php?rest_route=%2Fwp%2Fv2%2Fmedia&parent=31414"}],"wp:term":[{"taxonomy":"category","embeddable":true,"href":"https:\/\/gerardoduque.com.mx\/index.php?rest_route=%2Fwp%2Fv2%2Fcategories&post=31414"},{"taxonomy":"post_tag","embeddable":true,"href":"https:\/\/gerardoduque.com.mx\/index.php?rest_route=%2Fwp%2Fv2%2Ftags&post=31414"}],"curies":[{"name":"wp","href":"https:\/\/api.w.org\/{rel}","templated":true}]}}