{"id":31408,"date":"2024-11-13T05:02:00","date_gmt":"2024-11-13T11:02:00","guid":{"rendered":"https:\/\/gerardoduque.com.mx\/?p=31408"},"modified":"2024-11-12T21:11:35","modified_gmt":"2024-11-13T03:11:35","slug":"promueven-acciones-de-concientizacion-sobre-cuidado-del-agua-en-escuelas","status":"publish","type":"post","link":"https:\/\/gerardoduque.com.mx\/?p=31408","title":{"rendered":"PROMUEVEN ACCIONES DE CONCIENTIZACI\u00d3N SOBRE CUIDADO DEL AGUA EN ESCUELAS"},"content":{"rendered":"\n<p>La Secretar\u00eda de Educaci\u00f3n de Gobierno del Estado suma acciones de cuidado del agua en los planteles educativos, con la realizaci\u00f3n de talleres, exposiciones y foros, con la finalidad de generar m\u00e1s conciencia sobre la importancia de este recurso natural, y el impacto de la cultura del agua, en los estudiantes, docentes, directivos e integrantes de la comunidad educativa.<\/p>\n\n\n\n<p>Durante el Encuentro Estatal de Cultura H\u00eddrica realizado por la Comisi\u00f3n Estatal del Agua se dijo que es importante que desde una edad temprana la ni\u00f1ez cuente con una cultura a trav\u00e9s del cuidado y uso responsable del agua, ya que es un tema en el desarrollo educativo y social, tras enfatizar que la educaci\u00f3n ambiental en las escuelas adem\u00e1s de generar conocimientos t\u00e9cnicos tambi\u00e9n refuerza valores comunitarios que promueven una conducta responsable y consciente del medio ambiente.<\/p>\n\n\n\n<p>La SEGE trabajar\u00e1 junto con diversas instituciones y organismos descentralizados para continuar promoviendo la cultura en los planteles educativos del Estado y con acciones para que las escuelas sean espacios sustentables y ahorradores de agua.<\/p>\n","protected":false},"excerpt":{"rendered":"<p>Se busca generar conciencia sobre la importancia de este recurso natural en los estudiantes, docentes, directivos e integrantes de la comunidad educativa.<\/p>\n","protected":false},"author":4,"featured_media":31409,"comment_status":"closed","ping_status":"closed","sticky":false,"template":"","format":"standard","meta":{"_et_pb_use_builder":"off","_et_pb_old_content":"","_et_gb_content_width":"","footnotes":""},"categories":[280],"tags":[72,66,196],"class_list":["post-31408","post","type-post","status-publish","format-standard","has-post-thumbnail","hentry","category-gob-slp","tag-gobierno-del-estado","tag-san-luis-potosi","tag-sege"],"_links":{"self":[{"href":"https:\/\/gerardoduque.com.mx\/index.php?rest_route=\/wp\/v2\/posts\/31408","targetHints":{"allow":["GET"]}}],"collection":[{"href":"https:\/\/gerardoduque.com.mx\/index.php?rest_route=\/wp\/v2\/posts"}],"about":[{"href":"https:\/\/gerardoduque.com.mx\/index.php?rest_route=\/wp\/v2\/types\/post"}],"author":[{"embeddable":true,"href":"https:\/\/gerardoduque.com.mx\/index.php?rest_route=\/wp\/v2\/users\/4"}],"replies":[{"embeddable":true,"href":"https:\/\/gerardoduque.com.mx\/index.php?rest_route=%2Fwp%2Fv2%2Fcomments&post=31408"}],"version-history":[{"count":0,"href":"https:\/\/gerardoduque.com.mx\/index.php?rest_route=\/wp\/v2\/posts\/31408\/revisions"}],"wp:featuredmedia":[{"embeddable":true,"href":"https:\/\/gerardoduque.com.mx\/index.php?rest_route=\/wp\/v2\/media\/31409"}],"wp:attachment":[{"href":"https:\/\/gerardoduque.com.mx\/index.php?rest_route=%2Fwp%2Fv2%2Fmedia&parent=31408"}],"wp:term":[{"taxonomy":"category","embeddable":true,"href":"https:\/\/gerardoduque.com.mx\/index.php?rest_route=%2Fwp%2Fv2%2Fcategories&post=31408"},{"taxonomy":"post_tag","embeddable":true,"href":"https:\/\/gerardoduque.com.mx\/index.php?rest_route=%2Fwp%2Fv2%2Ftags&post=31408"}],"curies":[{"name":"wp","href":"https:\/\/api.w.org\/{rel}","templated":true}]}}